{"id":1351,"date":"2019-02-26T11:19:42","date_gmt":"2019-02-26T14:19:42","guid":{"rendered":"https:\/\/isfd816-chu.infd.edu.ar\/sitio\/?p=1351"},"modified":"2019-02-26T11:19:42","modified_gmt":"2019-02-26T14:19:42","slug":"llamado-uc-prof-tecnologia","status":"publish","type":"post","link":"https:\/\/isfd816-chu.infd.edu.ar\/sitio\/llamado-uc-prof-tecnologia\/","title":{"rendered":"LLamado UC (Prof. Tecnolog\u00eda)"},"content":{"rendered":"<p style=\"font-weight: 400;\">La Direcci\u00f3n del Instituto de Educaci\u00f3n Superior n\u00ba 816 de la Ciudad De Rawson, hace el llamado abierto y p\u00fablico para la cobertura 2019 de::<\/p>\n<p style=\"font-weight: 400;\"><strong><u>PROFESORADO EN EDUCACI\u00d3N TECNOL\u00d3GICA \u2013 RES. 311\/14<\/u><\/strong><\/p>\n<p style=\"font-weight: 400;\"><strong>\u00a03\u00b0 A\u00d1O.<\/strong><\/p>\n<p style=\"font-weight: 400;\"><strong>\u00a0\u00a0<\/strong><strong>INVESTIGACI\u00d3N EDUCATIVA,\u00a0<\/strong>3\u00b0 a\u00f1o. Seminario \u2013 taller. Anual. 3 hs. Interino. Perfil docente: pareja pedag\u00f3gica con experiencia en investigaci\u00f3n educativa y capacidad para realizar tareas de apoyo a la escritura; con la inclusi\u00f3n de un docente de la disciplina a la que corresponde la carrera.<\/p>\n<p style=\"font-weight: 400;\"><strong>SOCIOLOG\u00cdA DE LA EDUCACI\u00d3N\u00a0<\/strong>3\u00b0 a\u00f1o. Asignatura. Cuatrimestral. 4 hs. Interino. Perfil docente: formaci\u00f3n espec\u00edfica en sociolog\u00eda con orientaci\u00f3n y\/o experiencia en el \u00e1rea de la educaci\u00f3n. Formaci\u00f3n en ciencias de la educaci\u00f3n; con orientaci\u00f3n y\/o experiencia en el \u00e1rea de sociolog\u00eda de la educaci\u00f3n.<\/p>\n<p style=\"font-weight: 400;\"><strong>ORGANIZACI\u00d3N INDUSTRIAL,\u00a0<\/strong>3\u00b0 a\u00f1o. Asignatura. Cuatrimestral. 4 hs. Interino. Perfil docente: profesor u otro profesional con formaci\u00f3n y\/o experiencia en el campo de la organizaci\u00f3n industrial.<\/p>\n<p style=\"font-weight: 400;\"><strong>TECNOLOG\u00cdAS DE LA INFORMACI\u00d3N Y LA COMUNICACI\u00d3N\u00a0<\/strong>3\u00b0 a\u00f1o. Asignatura. Cuatrimestral. 5 hs.. Interino. Perfil docente: profesor de educaci\u00f3n tecnol\u00f3gica\/tecnolog\u00eda o inform\u00e1tica con conocimiento y experiencia en la ense\u00f1anza en el nivel secundario.<\/p>\n<p style=\"font-weight: 400;\">Presentaci\u00f3n en Secretar\u00eda Administrativa de 19 a 21 hs. el d\u00eda 6\/03\/2019. En sobre cerrado el postulante presentar\u00e1 el Proyecto firmado con un seud\u00f3nimo. En el exterior se colocar\u00e1 seud\u00f3nimo y espacio al cual se presenta, adem\u00e1s, abrochado, un sobre con el seud\u00f3nimo que adentro contendr\u00e1 DNI, Declaraci\u00f3n Jurada actualizada,\u00a0<strong>CV con el formato que figura en la web<\/strong>, certificaci\u00f3n de servicios y documentaci\u00f3n respaldatoria, (los profesores que no son de la casa, presentar originales y copias para poder certificar, de lo contrario no tendr\u00e1 validez).<br \/>\nConsultar Dise\u00f1os curriculares, modelos de presentaci\u00f3n de proyecto, de cv y grilla tipo, en la p\u00e1gina web\u00a0<a href=\"http:\/\/isfd816.chu.infd.edu.ar\/\" data-saferedirecturl=\"https:\/\/www.google.com\/url?q=http:\/\/isfd816.chu.infd.edu.ar&amp;source=gmail&amp;ust=1551276168588000&amp;usg=AFQjCNGJbMLPMu2Ak8uFKkYQEYE-mtOo4w\">isfd816.chu.infd.edu.ar<\/a>. Lugar: Secretar\u00eda Administrativa del Instituto sita en Federicci y Vuelta de obligado, Barrio San Pablo. Escuela n\u00b0 7705.<\/p>\n","protected":false},"excerpt":{"rendered":"<p>La Direcci\u00f3n del Instituto de Educaci\u00f3n Superior n\u00ba 816 de la Ciudad De Rawson, hace el llamado abierto y p\u00fablico para la cobertura 2019 de:: PROFESORADO EN EDUCACI\u00d3N TECNOL\u00d3GICA \u2013 RES. 311\/14 \u00a03\u00b0 A\u00d1O. \u00a0\u00a0INVESTIGACI\u00d3N EDUCATIVA,\u00a03\u00b0 a\u00f1o. Seminario \u2013 taller. Anual. 3 hs. Interino. Perfil docente: pareja pedag\u00f3gica con experiencia en investigaci\u00f3n educativa y capacidad &#8230; <a title=\"LLamado UC (Prof. Tecnolog\u00eda)\" class=\"read-more\" href=\"https:\/\/isfd816-chu.infd.edu.ar\/sitio\/llamado-uc-prof-tecnologia\/\" aria-label=\"More on LLamado UC (Prof. Tecnolog\u00eda)\">[+]<\/a><\/p>\n","protected":false},"author":9,"featured_media":1037,"comment_status":"open","ping_status":"open","sticky":false,"template":"","format":"standard","meta":[],"categories":[17,39],"tags":[],"acf":[],"_links":{"self":[{"href":"https:\/\/isfd816-chu.infd.edu.ar\/sitio\/wp-json\/wp\/v2\/posts\/1351"}],"collection":[{"href":"https:\/\/isfd816-chu.infd.edu.ar\/sitio\/wp-json\/wp\/v2\/posts"}],"about":[{"href":"https:\/\/isfd816-chu.infd.edu.ar\/sitio\/wp-json\/wp\/v2\/types\/post"}],"author":[{"embeddable":true,"href":"https:\/\/isfd816-chu.infd.edu.ar\/sitio\/wp-json\/wp\/v2\/users\/9"}],"replies":[{"embeddable":true,"href":"https:\/\/isfd816-chu.infd.edu.ar\/sitio\/wp-json\/wp\/v2\/comments?post=1351"}],"version-history":[{"count":1,"href":"https:\/\/isfd816-chu.infd.edu.ar\/sitio\/wp-json\/wp\/v2\/posts\/1351\/revisions"}],"predecessor-version":[{"id":1352,"href":"https:\/\/isfd816-chu.infd.edu.ar\/sitio\/wp-json\/wp\/v2\/posts\/1351\/revisions\/1352"}],"wp:featuredmedia":[{"embeddable":true,"href":"https:\/\/isfd816-chu.infd.edu.ar\/sitio\/wp-json\/wp\/v2\/media\/1037"}],"wp:attachment":[{"href":"https:\/\/isfd816-chu.infd.edu.ar\/sitio\/wp-json\/wp\/v2\/media?parent=1351"}],"wp:term":[{"taxonomy":"category","embeddable":true,"href":"https:\/\/isfd816-chu.infd.edu.ar\/sitio\/wp-json\/wp\/v2\/categories?post=1351"},{"taxonomy":"post_tag","embeddable":true,"href":"https:\/\/isfd816-chu.infd.edu.ar\/sitio\/wp-json\/wp\/v2\/tags?post=1351"}],"curies":[{"name":"wp","href":"https:\/\/api.w.org\/{rel}","templated":true}]}}