{"id":1354,"date":"2019-02-27T14:15:42","date_gmt":"2019-02-27T17:15:42","guid":{"rendered":"https:\/\/isfd816-chu.infd.edu.ar\/sitio\/?p=1354"},"modified":"2019-02-27T14:15:51","modified_gmt":"2019-02-27T17:15:51","slug":"llamado-uc-adm-publica","status":"publish","type":"post","link":"https:\/\/isfd816-chu.infd.edu.ar\/sitio\/llamado-uc-adm-publica\/","title":{"rendered":"Llamado UC (Adm. P\u00fablica)"},"content":{"rendered":"<p>La Direcci\u00f3n del Instituto de Educaci\u00f3n Superior n\u00ba 816 de la Ciudad De Rawson, hace el llamado abierto y p\u00fablico para la cobertura 2019 de::<\/p>\n<p>2do. llamado<\/p>\n<p><strong>TECNICATURA SUPERIOR EN ADMINISTRACI\u00d3N P\u00daBLICA ORIENTADA AL DESARROLLO LOCAL<\/strong><\/p>\n<p>Metodolog\u00eda de la Investigaci\u00f3n Social. 4 hs. Anual Pareja pedag\u00f3gica (uno\/a con experiencia en administraci\u00f3n p\u00fablica y otro\/a en investigaci\u00f3n social) Lic en Ciencia Pol\u00edtica, Lic en Sociolog\u00eda, Lic de \u00e1reas human\u00edsticas con experiencia en investigaci\u00f3n social, Profesional con t\u00edtulo habilitante.<\/p>\n<p>Presentaci\u00f3n en Secretar\u00eda Administrativa de 19 a 21 hs. el d\u00eda 1\/03\/2019. En sobre cerrado el postulante presentar\u00e1 el Proyecto firmado con un seud\u00f3nimo. En el exterior se colocar\u00e1 seud\u00f3nimo y espacio al cual se presenta, adem\u00e1s, abrochado, un sobre con el seud\u00f3nimo que adentro contendr\u00e1 DNI, <strong>CV con el formato que figura en la web<\/strong>, certificaci\u00f3n de servicios y documentaci\u00f3n respaldatoria, (los profesores que no son de la casa, presentar originales y copias para poder certificar, de lo contrario no tendr\u00e1 validez).<br \/>\nConsultar Dise\u00f1os curriculares, modelos de presentaci\u00f3n de proyecto, de cv y grilla tipo, en la p\u00e1gina web isfd816.chu.infd.edu.ar. Lugar: Secretar\u00eda Administrativa del Instituto sita en Federicci y Vuelta de obligado, Barrio San Pablo. Escuela n\u00b0 7705.<\/p>\n","protected":false},"excerpt":{"rendered":"<p>La Direcci\u00f3n del Instituto de Educaci\u00f3n Superior n\u00ba 816 de la Ciudad De Rawson, hace el llamado abierto y p\u00fablico para la cobertura 2019 de:: 2do. llamado TECNICATURA SUPERIOR EN ADMINISTRACI\u00d3N P\u00daBLICA ORIENTADA AL DESARROLLO LOCAL Metodolog\u00eda de la Investigaci\u00f3n Social. 4 hs. Anual Pareja pedag\u00f3gica (uno\/a con experiencia en administraci\u00f3n p\u00fablica y otro\/a en &#8230; <a title=\"Llamado UC (Adm. P\u00fablica)\" class=\"read-more\" href=\"https:\/\/isfd816-chu.infd.edu.ar\/sitio\/llamado-uc-adm-publica\/\" aria-label=\"More on Llamado UC (Adm. P\u00fablica)\">[+]<\/a><\/p>\n","protected":false},"author":9,"featured_media":1060,"comment_status":"open","ping_status":"open","sticky":false,"template":"","format":"standard","meta":[],"categories":[17,39],"tags":[],"acf":[],"_links":{"self":[{"href":"https:\/\/isfd816-chu.infd.edu.ar\/sitio\/wp-json\/wp\/v2\/posts\/1354"}],"collection":[{"href":"https:\/\/isfd816-chu.infd.edu.ar\/sitio\/wp-json\/wp\/v2\/posts"}],"about":[{"href":"https:\/\/isfd816-chu.infd.edu.ar\/sitio\/wp-json\/wp\/v2\/types\/post"}],"author":[{"embeddable":true,"href":"https:\/\/isfd816-chu.infd.edu.ar\/sitio\/wp-json\/wp\/v2\/users\/9"}],"replies":[{"embeddable":true,"href":"https:\/\/isfd816-chu.infd.edu.ar\/sitio\/wp-json\/wp\/v2\/comments?post=1354"}],"version-history":[{"count":1,"href":"https:\/\/isfd816-chu.infd.edu.ar\/sitio\/wp-json\/wp\/v2\/posts\/1354\/revisions"}],"predecessor-version":[{"id":1355,"href":"https:\/\/isfd816-chu.infd.edu.ar\/sitio\/wp-json\/wp\/v2\/posts\/1354\/revisions\/1355"}],"wp:featuredmedia":[{"embeddable":true,"href":"https:\/\/isfd816-chu.infd.edu.ar\/sitio\/wp-json\/wp\/v2\/media\/1060"}],"wp:attachment":[{"href":"https:\/\/isfd816-chu.infd.edu.ar\/sitio\/wp-json\/wp\/v2\/media?parent=1354"}],"wp:term":[{"taxonomy":"category","embeddable":true,"href":"https:\/\/isfd816-chu.infd.edu.ar\/sitio\/wp-json\/wp\/v2\/categories?post=1354"},{"taxonomy":"post_tag","embeddable":true,"href":"https:\/\/isfd816-chu.infd.edu.ar\/sitio\/wp-json\/wp\/v2\/tags?post=1354"}],"curies":[{"name":"wp","href":"https:\/\/api.w.org\/{rel}","templated":true}]}}