{"id":1441,"date":"2019-03-15T21:36:33","date_gmt":"2019-03-16T00:36:33","guid":{"rendered":"https:\/\/isfd816-chu.infd.edu.ar\/sitio\/?p=1441"},"modified":"2019-03-17T13:39:40","modified_gmt":"2019-03-17T16:39:40","slug":"suspension-actividades-tambien-sabado-16-03","status":"publish","type":"post","link":"https:\/\/isfd816-chu.infd.edu.ar\/sitio\/suspension-actividades-tambien-sabado-16-03\/","title":{"rendered":"suspensi\u00f3n actividades (lunes 18\/03)"},"content":{"rendered":"<p><img decoding=\"async\" loading=\"lazy\" class=\"size-full wp-image-1445 aligncenter\" src=\"https:\/\/isfd816-chu.infd.edu.ar\/sitio\/wp-content\/uploads\/2019\/03\/LLunes-18_03-sin-clases-1.png\" alt=\"\" width=\"800\" height=\"800\" srcset=\"https:\/\/isfd816-chu.infd.edu.ar\/sitio\/wp-content\/uploads\/2019\/03\/LLunes-18_03-sin-clases-1.png 800w, https:\/\/isfd816-chu.infd.edu.ar\/sitio\/wp-content\/uploads\/2019\/03\/LLunes-18_03-sin-clases-1-500x500.png 500w, https:\/\/isfd816-chu.infd.edu.ar\/sitio\/wp-content\/uploads\/2019\/03\/LLunes-18_03-sin-clases-1-768x768.png 768w\" sizes=\"(max-width: 800px) 100vw, 800px\" \/><\/p>\n<p><strong>Estimadas y estimados<\/strong>, por disposici\u00f3n del Ministerio de Educaci\u00f3n se suspenden las actividades el lunes 18\/03 en ambos edificios del IES 816.<\/p>\n<p>Las actividades administrativas tambi\u00e9n estar\u00e1n suspendidas, as\u00ed que la entrega de proyectos o cualquier otra actividad pasa al siguiente d\u00eda, apenas sea actividad normal.<\/p>\n<p>Atentamente.<\/p>\n<p><em>Equipo directivo<\/em><\/p>\n","protected":false},"excerpt":{"rendered":"<p>Estimadas y estimados, por disposici\u00f3n del Ministerio de Educaci\u00f3n se suspenden las actividades el lunes 18\/03 en ambos edificios del IES 816. Las actividades administrativas tambi\u00e9n estar\u00e1n suspendidas, as\u00ed que la entrega de proyectos o cualquier otra actividad pasa al siguiente d\u00eda, apenas sea actividad normal. Atentamente. Equipo directivo<\/p>\n","protected":false},"author":9,"featured_media":0,"comment_status":"open","ping_status":"open","sticky":false,"template":"","format":"standard","meta":[],"categories":[18,16,39],"tags":[],"acf":[],"_links":{"self":[{"href":"https:\/\/isfd816-chu.infd.edu.ar\/sitio\/wp-json\/wp\/v2\/posts\/1441"}],"collection":[{"href":"https:\/\/isfd816-chu.infd.edu.ar\/sitio\/wp-json\/wp\/v2\/posts"}],"about":[{"href":"https:\/\/isfd816-chu.infd.edu.ar\/sitio\/wp-json\/wp\/v2\/types\/post"}],"author":[{"embeddable":true,"href":"https:\/\/isfd816-chu.infd.edu.ar\/sitio\/wp-json\/wp\/v2\/users\/9"}],"replies":[{"embeddable":true,"href":"https:\/\/isfd816-chu.infd.edu.ar\/sitio\/wp-json\/wp\/v2\/comments?post=1441"}],"version-history":[{"count":3,"href":"https:\/\/isfd816-chu.infd.edu.ar\/sitio\/wp-json\/wp\/v2\/posts\/1441\/revisions"}],"predecessor-version":[{"id":1446,"href":"https:\/\/isfd816-chu.infd.edu.ar\/sitio\/wp-json\/wp\/v2\/posts\/1441\/revisions\/1446"}],"wp:attachment":[{"href":"https:\/\/isfd816-chu.infd.edu.ar\/sitio\/wp-json\/wp\/v2\/media?parent=1441"}],"wp:term":[{"taxonomy":"category","embeddable":true,"href":"https:\/\/isfd816-chu.infd.edu.ar\/sitio\/wp-json\/wp\/v2\/categories?post=1441"},{"taxonomy":"post_tag","embeddable":true,"href":"https:\/\/isfd816-chu.infd.edu.ar\/sitio\/wp-json\/wp\/v2\/tags?post=1441"}],"curies":[{"name":"wp","href":"https:\/\/api.w.org\/{rel}","templated":true}]}}