{"id":1459,"date":"2019-03-20T13:36:10","date_gmt":"2019-03-20T16:36:10","guid":{"rendered":"https:\/\/isfd816-chu.infd.edu.ar\/sitio\/?p=1459"},"modified":"2019-03-23T18:54:11","modified_gmt":"2019-03-23T21:54:11","slug":"retomamos-actividades","status":"publish","type":"post","link":"https:\/\/isfd816-chu.infd.edu.ar\/sitio\/retomamos-actividades\/","title":{"rendered":"Retomamos actividades"},"content":{"rendered":"<blockquote><p>Estimadas y estimados, los esperamos hoy en los horarios habituales para retomar las actividades acad\u00e9micas y administrativas.<\/p>\n<p>Se le informa a los alumnos de 2do. A\u00f1o de educaci\u00f3n especial que comienzan a las 17 horas con el espacio Sujetos de la educaci\u00f3n (Prof. Cocaro).<\/p>\n<p>Asimismo se recibir\u00e1n los proyectos con vencimiento de 19 a 21.<\/p>\n<p>Se pide que lleven agua potable para consumo personal.<\/p>\n<p>Atentamente<\/p>\n<p><strong>Equipo de gesti\u00f3n<\/strong><\/p>\n<p>&nbsp;<\/p><\/blockquote>\n","protected":false},"excerpt":{"rendered":"<p>Estimadas y estimados, los esperamos hoy en los horarios habituales para retomar las actividades acad\u00e9micas y administrativas. Se le informa a los alumnos de 2do. A\u00f1o de educaci\u00f3n especial que comienzan a las 17 horas con el espacio Sujetos de la educaci\u00f3n (Prof. Cocaro). Asimismo se recibir\u00e1n los proyectos con vencimiento de 19 a 21. &#8230; <a title=\"Retomamos actividades\" class=\"read-more\" href=\"https:\/\/isfd816-chu.infd.edu.ar\/sitio\/retomamos-actividades\/\" aria-label=\"More on Retomamos actividades\">[+]<\/a><\/p>\n","protected":false},"author":1698,"featured_media":1457,"comment_status":"open","ping_status":"open","sticky":false,"template":"","format":"standard","meta":[],"categories":[8,16,39],"tags":[],"acf":[],"_links":{"self":[{"href":"https:\/\/isfd816-chu.infd.edu.ar\/sitio\/wp-json\/wp\/v2\/posts\/1459"}],"collection":[{"href":"https:\/\/isfd816-chu.infd.edu.ar\/sitio\/wp-json\/wp\/v2\/posts"}],"about":[{"href":"https:\/\/isfd816-chu.infd.edu.ar\/sitio\/wp-json\/wp\/v2\/types\/post"}],"author":[{"embeddable":true,"href":"https:\/\/isfd816-chu.infd.edu.ar\/sitio\/wp-json\/wp\/v2\/users\/1698"}],"replies":[{"embeddable":true,"href":"https:\/\/isfd816-chu.infd.edu.ar\/sitio\/wp-json\/wp\/v2\/comments?post=1459"}],"version-history":[{"count":1,"href":"https:\/\/isfd816-chu.infd.edu.ar\/sitio\/wp-json\/wp\/v2\/posts\/1459\/revisions"}],"predecessor-version":[{"id":1460,"href":"https:\/\/isfd816-chu.infd.edu.ar\/sitio\/wp-json\/wp\/v2\/posts\/1459\/revisions\/1460"}],"wp:featuredmedia":[{"embeddable":true,"href":"https:\/\/isfd816-chu.infd.edu.ar\/sitio\/wp-json\/wp\/v2\/media\/1457"}],"wp:attachment":[{"href":"https:\/\/isfd816-chu.infd.edu.ar\/sitio\/wp-json\/wp\/v2\/media?parent=1459"}],"wp:term":[{"taxonomy":"category","embeddable":true,"href":"https:\/\/isfd816-chu.infd.edu.ar\/sitio\/wp-json\/wp\/v2\/categories?post=1459"},{"taxonomy":"post_tag","embeddable":true,"href":"https:\/\/isfd816-chu.infd.edu.ar\/sitio\/wp-json\/wp\/v2\/tags?post=1459"}],"curies":[{"name":"wp","href":"https:\/\/api.w.org\/{rel}","templated":true}]}}