{"id":1463,"date":"2019-03-25T09:53:07","date_gmt":"2019-03-25T12:53:07","guid":{"rendered":"https:\/\/isfd816-chu.infd.edu.ar\/sitio\/?p=1463"},"modified":"2019-03-29T19:55:49","modified_gmt":"2019-03-29T22:55:49","slug":"llamado-uc-prof-tecnologia-2","status":"publish","type":"post","link":"https:\/\/isfd816-chu.infd.edu.ar\/sitio\/llamado-uc-prof-tecnologia-2\/","title":{"rendered":"Llamado UC (Prof. Tecnolog\u00eda)"},"content":{"rendered":"<p>La Direcci\u00f3n del Instituto de Educaci\u00f3n Superior n\u00ba 816 de la Ciudad De Rawson, hace el llamado abierto y p\u00fablico para la cobertura 2019 de:<\/p>\n<p><strong><u>PROFESORADO EN EDUCACI\u00d3N TECNOL\u00d3GICA \u2013 RES. 311\/14<\/u><\/strong><\/p>\n<p><strong>LLAMADOS \u2013 3\u00b0 A\u00d1O.<\/strong><\/p>\n<p><strong>Estudios sobre sociolog\u00eda de la t\u00e9cnica y la tecnolog\u00eda.<\/strong> \u00a0Interino. Asignatura. Cuatrimestral. 5 hs. Perfil docente: Profesor u otro profesional con formaci\u00f3n y\/o experiencia en el campo disciplinar de la Sociolog\u00eda de la T\u00e9cnica y la Tecnolog\u00eda.<\/p>\n<p><strong>Tecnolog\u00edas de gesti\u00f3n.<\/strong> Interino. Asignatura. Cuatrimestral. 4 hs. Perfil docente: Profesor\/a de Educaci\u00f3n Tecnol\u00f3gica o Tecnolog\u00eda con conocimiento y experiencia en la ense\u00f1anza en el nivel secundario.<\/p>\n<p>Presentaci\u00f3n en Secretar\u00eda Administrativa de 19 a 21 hs. el d\u00eda 29\/03\/2019. En sobre cerrado el postulante presentar\u00e1 el Proyecto firmado con un seud\u00f3nimo. En el exterior se colocar\u00e1 seud\u00f3nimo y espacio al cual se presenta, adem\u00e1s, abrochado, un sobre con el seud\u00f3nimo que adentro contendr\u00e1 DNI, Declaraci\u00f3n Jurada actualizada,\u00a0<strong>CV con el formato que figura en la web<\/strong>, certificaci\u00f3n de servicios y documentaci\u00f3n respaldatoria (los profesores que no son de la casa, presentar originales y copias para poder certificar, de lo contrario no tendr\u00e1 validez). Consultar Dise\u00f1os curriculares, modelos de presentaci\u00f3n de proyecto, de CV y grilla tipo, en la p\u00e1gina web\u00a0<a href=\"http:\/\/isfd816.chu.infd.edu.ar\/\" target=\"_blank\" rel=\"noopener\" data-saferedirecturl=\"https:\/\/www.google.com\/url?q=http:\/\/isfd816.chu.infd.edu.ar&amp;source=gmail&amp;ust=1553604667053000&amp;usg=AFQjCNHBJtfX5P9QK6EHstmX5E1pJ9z2Pw\">isfd816.chu.infd.edu.ar<\/a>. Lugar: Secretar\u00eda Administrativa del Instituto sita en Federicci y Vuelta de obligado, Barrio San Pablo. Escuela n\u00b0 7705.<\/p>\n","protected":false},"excerpt":{"rendered":"<p>La Direcci\u00f3n del Instituto de Educaci\u00f3n Superior n\u00ba 816 de la Ciudad De Rawson, hace el llamado abierto y p\u00fablico para la cobertura 2019 de: PROFESORADO EN EDUCACI\u00d3N TECNOL\u00d3GICA \u2013 RES. 311\/14 LLAMADOS \u2013 3\u00b0 A\u00d1O. Estudios sobre sociolog\u00eda de la t\u00e9cnica y la tecnolog\u00eda. \u00a0Interino. Asignatura. Cuatrimestral. 5 hs. Perfil docente: Profesor u otro &#8230; <a title=\"Llamado UC (Prof. Tecnolog\u00eda)\" class=\"read-more\" href=\"https:\/\/isfd816-chu.infd.edu.ar\/sitio\/llamado-uc-prof-tecnologia-2\/\" aria-label=\"More on Llamado UC (Prof. Tecnolog\u00eda)\">[+]<\/a><\/p>\n","protected":false},"author":9,"featured_media":1037,"comment_status":"open","ping_status":"open","sticky":false,"template":"","format":"standard","meta":[],"categories":[17,16,39],"tags":[],"acf":[],"_links":{"self":[{"href":"https:\/\/isfd816-chu.infd.edu.ar\/sitio\/wp-json\/wp\/v2\/posts\/1463"}],"collection":[{"href":"https:\/\/isfd816-chu.infd.edu.ar\/sitio\/wp-json\/wp\/v2\/posts"}],"about":[{"href":"https:\/\/isfd816-chu.infd.edu.ar\/sitio\/wp-json\/wp\/v2\/types\/post"}],"author":[{"embeddable":true,"href":"https:\/\/isfd816-chu.infd.edu.ar\/sitio\/wp-json\/wp\/v2\/users\/9"}],"replies":[{"embeddable":true,"href":"https:\/\/isfd816-chu.infd.edu.ar\/sitio\/wp-json\/wp\/v2\/comments?post=1463"}],"version-history":[{"count":3,"href":"https:\/\/isfd816-chu.infd.edu.ar\/sitio\/wp-json\/wp\/v2\/posts\/1463\/revisions"}],"predecessor-version":[{"id":1477,"href":"https:\/\/isfd816-chu.infd.edu.ar\/sitio\/wp-json\/wp\/v2\/posts\/1463\/revisions\/1477"}],"wp:featuredmedia":[{"embeddable":true,"href":"https:\/\/isfd816-chu.infd.edu.ar\/sitio\/wp-json\/wp\/v2\/media\/1037"}],"wp:attachment":[{"href":"https:\/\/isfd816-chu.infd.edu.ar\/sitio\/wp-json\/wp\/v2\/media?parent=1463"}],"wp:term":[{"taxonomy":"category","embeddable":true,"href":"https:\/\/isfd816-chu.infd.edu.ar\/sitio\/wp-json\/wp\/v2\/categories?post=1463"},{"taxonomy":"post_tag","embeddable":true,"href":"https:\/\/isfd816-chu.infd.edu.ar\/sitio\/wp-json\/wp\/v2\/tags?post=1463"}],"curies":[{"name":"wp","href":"https:\/\/api.w.org\/{rel}","templated":true}]}}