{"id":1478,"date":"2019-03-31T11:45:17","date_gmt":"2019-03-31T14:45:17","guid":{"rendered":"https:\/\/isfd816-chu.infd.edu.ar\/sitio\/?p=1478"},"modified":"2019-03-31T17:14:34","modified_gmt":"2019-03-31T20:14:34","slug":"llamado-uc-educ-especial","status":"publish","type":"post","link":"https:\/\/isfd816-chu.infd.edu.ar\/sitio\/llamado-uc-educ-especial\/","title":{"rendered":"Llamado UC (Educ. Especial)- \u00daltima"},"content":{"rendered":"<p><strong>LLAMADO UC EDUCACI\u00d3N ESPECIAL<\/strong><\/p>\n<p>La Direcci\u00f3n del Instituto de Educaci\u00f3n Superior N\u00ba 816 de la Ciudad de Rawson, hace el llamado, abierto y p\u00fablico para la cobertura de:<\/p>\n<p><strong>PROFESORADO DE EDUCACI\u00d3N ESPECIAL CON ORIENTACI\u00d3N EN DISCAPACIDAD INTELECTUAL<\/strong><\/p>\n<p><strong>1er. a\u00f1o<\/strong><\/p>\n<p><strong>Derechos Humanos y Educaci\u00f3n:<\/strong><em>Cuatrimestral, 4 horas.\u00a0<\/em>Suplencia con Adhesi\u00f3n al Proyecto.\u00a0<strong>Perfil<\/strong>: Docente con formaci\u00f3n espec\u00edfica o postitulaci\u00f3n en el \u00e1rea de la Educaci\u00f3n y los Derechos Humanos, profesional con formaci\u00f3n en ciencias sociales y formaci\u00f3n en derechos humanos y\/o id\u00f3neos del \u00e1rea.\u00a0PRESENTACI\u00d3N DE CV, DOCUMENTACI\u00d3N RESPALDATORIA Y NOTA DE ADHESI\u00d3N EN SECRETAR\u00cdA ADMINISTRATIVA DE 19 A 21 HS. EL D\u00cdA 3\/04\/2019<\/p>\n<p><strong>\u00a0<\/strong><\/p>\n<p><strong>4to. A\u00f1o<\/strong><\/p>\n<p><strong>Pr\u00e1ctica profesional docente y residencia IV:\u00a0<\/strong>Anual, 8 horas, Suplencia con Adhesi\u00f3n al Proyecto. Perfil: Profesor\/a de Educaci\u00f3n Especial con orientaci\u00f3n en discapacidad intelectual,con disponibilidad horaria a la ma\u00f1ana y experiencia actualizada de trabajo \u00e1ulico (estar o haber dejado el aula desde hace no m\u00e1s de 4 a\u00f1os). El 70% de esta carga horaria corresponde a actividades formativas a realizar en las escuelas asociadas. PRESENTACI\u00d3N DE CV, DOCUMENTACI\u00d3N RESPALDATORIA Y NOTA DE ADHESI\u00d3N EN SECRETAR\u00cdA ADMINISTRATIVA DE 19 A 21 HS. EL D\u00cdA 3\/04\/2019<\/p>\n<div id=\"m3593925230016213634\" class=\"mail-message expanded\">\n<div class=\"mail-message-footer spacer collapsible\"><\/div>\n<\/div>\n<p>En sobre cerrado el postulante presentar\u00e1 el Proyecto firmado con un seud\u00f3nimo. En el exterior se colocar\u00e1 seud\u00f3nimo y espacio al cual se presenta, adem\u00e1s, abrochado, un sobre con el seud\u00f3nimo que adentro contendr\u00e1 DNI,\u00a0<strong>CV con el formato que figura en la web<\/strong>, certificaci\u00f3n de servicios y documentaci\u00f3n respaldatoria, (los profesores que no son de la casa, presentar originales y copias para poder certificar, de lo contrario no tendr\u00e1 validez).<br \/>\nConsultar Dise\u00f1os curriculares, modelos de presentaci\u00f3n de proyecto, de cv y grilla tipo, en la p\u00e1gina web\u00a0<a href=\"http:\/\/isfd816.chu.infd.edu.ar\/\" data-saferedirecturl=\"https:\/\/www.google.com\/url?q=http:\/\/isfd816.chu.infd.edu.ar&amp;source=gmail&amp;ust=1554128735178000&amp;usg=AFQjCNEn1ceFbbKjt30X_5OYIjvQeqFNXw\">isfd816.chu.infd.edu.ar<\/a>. Lugar: Secretar\u00eda Administrativa del Instituto sita en Federicci y Vuelta de obligado, Barrio San Pablo. Escuela n\u00b0 7705.<\/p>\n<p><u>\u00a0<\/u><\/p>\n","protected":false},"excerpt":{"rendered":"<p>LLAMADO UC EDUCACI\u00d3N ESPECIAL La Direcci\u00f3n del Instituto de Educaci\u00f3n Superior N\u00ba 816 de la Ciudad de Rawson, hace el llamado, abierto y p\u00fablico para la cobertura de: PROFESORADO DE EDUCACI\u00d3N ESPECIAL CON ORIENTACI\u00d3N EN DISCAPACIDAD INTELECTUAL 1er. a\u00f1o Derechos Humanos y Educaci\u00f3n:Cuatrimestral, 4 horas.\u00a0Suplencia con Adhesi\u00f3n al Proyecto.\u00a0Perfil: Docente con formaci\u00f3n espec\u00edfica o postitulaci\u00f3n &#8230; <a title=\"Llamado UC (Educ. Especial)- \u00daltima\" class=\"read-more\" href=\"https:\/\/isfd816-chu.infd.edu.ar\/sitio\/llamado-uc-educ-especial\/\" aria-label=\"More on Llamado UC (Educ. Especial)- \u00daltima\">[+]<\/a><\/p>\n","protected":false},"author":1698,"featured_media":1038,"comment_status":"open","ping_status":"open","sticky":false,"template":"","format":"standard","meta":[],"categories":[17,16,39],"tags":[9],"acf":[],"_links":{"self":[{"href":"https:\/\/isfd816-chu.infd.edu.ar\/sitio\/wp-json\/wp\/v2\/posts\/1478"}],"collection":[{"href":"https:\/\/isfd816-chu.infd.edu.ar\/sitio\/wp-json\/wp\/v2\/posts"}],"about":[{"href":"https:\/\/isfd816-chu.infd.edu.ar\/sitio\/wp-json\/wp\/v2\/types\/post"}],"author":[{"embeddable":true,"href":"https:\/\/isfd816-chu.infd.edu.ar\/sitio\/wp-json\/wp\/v2\/users\/1698"}],"replies":[{"embeddable":true,"href":"https:\/\/isfd816-chu.infd.edu.ar\/sitio\/wp-json\/wp\/v2\/comments?post=1478"}],"version-history":[{"count":3,"href":"https:\/\/isfd816-chu.infd.edu.ar\/sitio\/wp-json\/wp\/v2\/posts\/1478\/revisions"}],"predecessor-version":[{"id":1481,"href":"https:\/\/isfd816-chu.infd.edu.ar\/sitio\/wp-json\/wp\/v2\/posts\/1478\/revisions\/1481"}],"wp:featuredmedia":[{"embeddable":true,"href":"https:\/\/isfd816-chu.infd.edu.ar\/sitio\/wp-json\/wp\/v2\/media\/1038"}],"wp:attachment":[{"href":"https:\/\/isfd816-chu.infd.edu.ar\/sitio\/wp-json\/wp\/v2\/media?parent=1478"}],"wp:term":[{"taxonomy":"category","embeddable":true,"href":"https:\/\/isfd816-chu.infd.edu.ar\/sitio\/wp-json\/wp\/v2\/categories?post=1478"},{"taxonomy":"post_tag","embeddable":true,"href":"https:\/\/isfd816-chu.infd.edu.ar\/sitio\/wp-json\/wp\/v2\/tags?post=1478"}],"curies":[{"name":"wp","href":"https:\/\/api.w.org\/{rel}","templated":true}]}}