{"id":1493,"date":"2019-04-05T21:31:37","date_gmt":"2019-04-06T00:31:37","guid":{"rendered":"https:\/\/isfd816-chu.infd.edu.ar\/sitio\/?p=1493"},"modified":"2019-04-07T13:50:59","modified_gmt":"2019-04-07T16:50:59","slug":"llamado-uc-educ-especial-2","status":"publish","type":"post","link":"https:\/\/isfd816-chu.infd.edu.ar\/sitio\/llamado-uc-educ-especial-2\/","title":{"rendered":"Llamado UC (Educ. Especial)"},"content":{"rendered":"<p>La Direcci\u00f3n del Instituto de Educaci\u00f3n Superior n\u00ba 816 de la Ciudad De Rawson, hace el 1er. llamado abierto y p\u00fablico para la cobertura 2019 de:<\/p>\n<p><strong>3er. A\u00f1o<\/strong><\/p>\n<p><strong>Educaci\u00f3n Temprana:\u00a0<\/strong>Cuatrimestral, 4 horas. Suplencia. Perfil: Profesional con formaci\u00f3n espec\u00edfica en Psicolog\u00eda, Psicopedagog\u00eda y\/o en Ciencias de la Educaci\u00f3n, con orientaci\u00f3n y experiencia en el \u00e1rea de la psicolog\u00eda.<\/p>\n<p>Presentaci\u00f3n de\u00a0<strong>CV con el formato que figura en la web<\/strong>, documentaci\u00f3n respaldatoria y nota de adhesi\u00f3n de 19 a 21 hs. el d\u00eda 8\/04\/2019. Lugar: Secretar\u00eda Administrativa del Instituto sita en Federicci y Vuelta de obligado, Barrio San Pablo. Escuela n\u00b0 7705.<\/p>\n","protected":false},"excerpt":{"rendered":"<p>La Direcci\u00f3n del Instituto de Educaci\u00f3n Superior n\u00ba 816 de la Ciudad De Rawson, hace el 1er. llamado abierto y p\u00fablico para la cobertura 2019 de: 3er. A\u00f1o Educaci\u00f3n Temprana:\u00a0Cuatrimestral, 4 horas. Suplencia. Perfil: Profesional con formaci\u00f3n espec\u00edfica en Psicolog\u00eda, Psicopedagog\u00eda y\/o en Ciencias de la Educaci\u00f3n, con orientaci\u00f3n y experiencia en el \u00e1rea de &#8230; <a title=\"Llamado UC (Educ. Especial)\" class=\"read-more\" href=\"https:\/\/isfd816-chu.infd.edu.ar\/sitio\/llamado-uc-educ-especial-2\/\" aria-label=\"More on Llamado UC (Educ. Especial)\">[+]<\/a><\/p>\n","protected":false},"author":1698,"featured_media":1038,"comment_status":"open","ping_status":"open","sticky":false,"template":"","format":"standard","meta":[],"categories":[17,39],"tags":[],"acf":[],"_links":{"self":[{"href":"https:\/\/isfd816-chu.infd.edu.ar\/sitio\/wp-json\/wp\/v2\/posts\/1493"}],"collection":[{"href":"https:\/\/isfd816-chu.infd.edu.ar\/sitio\/wp-json\/wp\/v2\/posts"}],"about":[{"href":"https:\/\/isfd816-chu.infd.edu.ar\/sitio\/wp-json\/wp\/v2\/types\/post"}],"author":[{"embeddable":true,"href":"https:\/\/isfd816-chu.infd.edu.ar\/sitio\/wp-json\/wp\/v2\/users\/1698"}],"replies":[{"embeddable":true,"href":"https:\/\/isfd816-chu.infd.edu.ar\/sitio\/wp-json\/wp\/v2\/comments?post=1493"}],"version-history":[{"count":2,"href":"https:\/\/isfd816-chu.infd.edu.ar\/sitio\/wp-json\/wp\/v2\/posts\/1493\/revisions"}],"predecessor-version":[{"id":1496,"href":"https:\/\/isfd816-chu.infd.edu.ar\/sitio\/wp-json\/wp\/v2\/posts\/1493\/revisions\/1496"}],"wp:featuredmedia":[{"embeddable":true,"href":"https:\/\/isfd816-chu.infd.edu.ar\/sitio\/wp-json\/wp\/v2\/media\/1038"}],"wp:attachment":[{"href":"https:\/\/isfd816-chu.infd.edu.ar\/sitio\/wp-json\/wp\/v2\/media?parent=1493"}],"wp:term":[{"taxonomy":"category","embeddable":true,"href":"https:\/\/isfd816-chu.infd.edu.ar\/sitio\/wp-json\/wp\/v2\/categories?post=1493"},{"taxonomy":"post_tag","embeddable":true,"href":"https:\/\/isfd816-chu.infd.edu.ar\/sitio\/wp-json\/wp\/v2\/tags?post=1493"}],"curies":[{"name":"wp","href":"https:\/\/api.w.org\/{rel}","templated":true}]}}