{"id":1497,"date":"2019-04-07T13:52:29","date_gmt":"2019-04-07T16:52:29","guid":{"rendered":"https:\/\/isfd816-chu.infd.edu.ar\/sitio\/?p=1497"},"modified":"2019-04-07T13:52:29","modified_gmt":"2019-04-07T16:52:29","slug":"llamado-uc-educ-especial-3","status":"publish","type":"post","link":"https:\/\/isfd816-chu.infd.edu.ar\/sitio\/llamado-uc-educ-especial-3\/","title":{"rendered":"Llamado UC (Educ. Especial)"},"content":{"rendered":"<p style=\"font-weight: 400;\">La Direcci\u00f3n del Instituto de Educaci\u00f3n Superior N\u00ba 816 de la Ciudad De Rawson, hace el 1er. llamado abierto y p\u00fablico para la cobertura 2019 de:<\/p>\n<p style=\"font-weight: 400;\">\n<p style=\"font-weight: 400;\"><strong>1er. A\u00f1o<\/strong><\/p>\n<p style=\"font-weight: 400;\"><strong>Lectura y escritura acad\u00e9mica<\/strong>: Anual, 4 horas. Suplencia, adhesi\u00f3n con presentaci\u00f3n de CV.\u00a0<strong>Perfil<\/strong>: Profesor en Lengua y Literatura, o afines. Licenciado en Letras.<\/p>\n<p style=\"font-weight: 400;\"><strong>3er. A\u00f1o<\/strong><\/p>\n<p style=\"font-weight: 400;\"><strong>Tecnolog\u00edas de la Informaci\u00f3n y la Comunicaci\u00f3n<\/strong>: Cuatrimestral, 6 horas. Suplencia, adhesi\u00f3n con presentaci\u00f3n de CV.\u00a0<strong>Perfil<\/strong>: Formaci\u00f3n espec\u00edfica, orientaci\u00f3n y\/o especializaci\u00f3n en Educaci\u00f3n y TIC.<\/p>\n<p style=\"font-weight: 400;\">\n<p style=\"font-weight: 400;\"><strong>\u00a0Presentaci\u00f3n de CV con el formato que figura en la web<\/strong>, documentaci\u00f3n respaldatoria y nota de adhesi\u00f3n de 19 a 21 hs. el d\u00eda 9\/04\/2019. Lugar: Secretar\u00eda Administrativa del Instituto sita en Federicci y Vuelta de obligado, Barrio San Pablo. Escuela n\u00b0 7705.<\/p>\n","protected":false},"excerpt":{"rendered":"<p>La Direcci\u00f3n del Instituto de Educaci\u00f3n Superior N\u00ba 816 de la Ciudad De Rawson, hace el 1er. llamado abierto y p\u00fablico para la cobertura 2019 de: 1er. A\u00f1o Lectura y escritura acad\u00e9mica: Anual, 4 horas. Suplencia, adhesi\u00f3n con presentaci\u00f3n de CV.\u00a0Perfil: Profesor en Lengua y Literatura, o afines. Licenciado en Letras. 3er. A\u00f1o Tecnolog\u00edas de &#8230; <a title=\"Llamado UC (Educ. Especial)\" class=\"read-more\" href=\"https:\/\/isfd816-chu.infd.edu.ar\/sitio\/llamado-uc-educ-especial-3\/\" aria-label=\"More on Llamado UC (Educ. Especial)\">[+]<\/a><\/p>\n","protected":false},"author":1698,"featured_media":1038,"comment_status":"open","ping_status":"open","sticky":false,"template":"","format":"standard","meta":[],"categories":[17,16,39],"tags":[],"acf":[],"_links":{"self":[{"href":"https:\/\/isfd816-chu.infd.edu.ar\/sitio\/wp-json\/wp\/v2\/posts\/1497"}],"collection":[{"href":"https:\/\/isfd816-chu.infd.edu.ar\/sitio\/wp-json\/wp\/v2\/posts"}],"about":[{"href":"https:\/\/isfd816-chu.infd.edu.ar\/sitio\/wp-json\/wp\/v2\/types\/post"}],"author":[{"embeddable":true,"href":"https:\/\/isfd816-chu.infd.edu.ar\/sitio\/wp-json\/wp\/v2\/users\/1698"}],"replies":[{"embeddable":true,"href":"https:\/\/isfd816-chu.infd.edu.ar\/sitio\/wp-json\/wp\/v2\/comments?post=1497"}],"version-history":[{"count":1,"href":"https:\/\/isfd816-chu.infd.edu.ar\/sitio\/wp-json\/wp\/v2\/posts\/1497\/revisions"}],"predecessor-version":[{"id":1498,"href":"https:\/\/isfd816-chu.infd.edu.ar\/sitio\/wp-json\/wp\/v2\/posts\/1497\/revisions\/1498"}],"wp:featuredmedia":[{"embeddable":true,"href":"https:\/\/isfd816-chu.infd.edu.ar\/sitio\/wp-json\/wp\/v2\/media\/1038"}],"wp:attachment":[{"href":"https:\/\/isfd816-chu.infd.edu.ar\/sitio\/wp-json\/wp\/v2\/media?parent=1497"}],"wp:term":[{"taxonomy":"category","embeddable":true,"href":"https:\/\/isfd816-chu.infd.edu.ar\/sitio\/wp-json\/wp\/v2\/categories?post=1497"},{"taxonomy":"post_tag","embeddable":true,"href":"https:\/\/isfd816-chu.infd.edu.ar\/sitio\/wp-json\/wp\/v2\/tags?post=1497"}],"curies":[{"name":"wp","href":"https:\/\/api.w.org\/{rel}","templated":true}]}}