{"id":1500,"date":"2019-04-08T23:33:17","date_gmt":"2019-04-09T02:33:17","guid":{"rendered":"https:\/\/isfd816-chu.infd.edu.ar\/sitio\/?p=1500"},"modified":"2019-04-08T23:33:32","modified_gmt":"2019-04-09T02:33:32","slug":"llamado-uc-prof-matematica-2","status":"publish","type":"post","link":"https:\/\/isfd816-chu.infd.edu.ar\/sitio\/llamado-uc-prof-matematica-2\/","title":{"rendered":"Llamado UC (Prof. matem\u00e1tica)"},"content":{"rendered":"<p>La Direcci\u00f3n del Instituto de Educaci\u00f3n Superior n\u00ba 816 de la Ciudad De Rawson, hace el 2do llamado abierto para la cobertura 2019 de:<\/p>\n<p><strong>\u00a0P<\/strong><strong>ROFESORADO DE EDUCACI\u00d3N SECUNDARIA EN MATEM\u00c1TICA \u2013 RES. 538\/14<\/strong><\/p>\n<p><strong>2do LLAMADO \u2013 1\u00b0 A\u00d1O.<\/strong><\/p>\n<p><strong>An\u00e1lisis Matem\u00e1tico I\u00a0<\/strong>Asignatura. Anual. 1\u00b0 a\u00f1o. Suplente. 5 hs. Perfil docente: Profesor\/a de Matem\u00e1tica. Presentaci\u00f3n de CV con el formato que figura en la web, documentaci\u00f3n respaldatoria, certificaci\u00f3n de servicios y nota de adhesi\u00f3n a la UC.<\/p>\n<p>Presentaci\u00f3n en Secretar\u00eda Administrativa de 19 a 21 hs. el d\u00eda Mi\u00e9rcoles 10\/04\/2019. Lugar: Secretar\u00eda Administrativa del Instituto sita en Federicci y Vuelta de obligado, Barrio San Pablo. Escuela n\u00b0 7705. p\u00e1gina web\u00a0<a href=\"http:\/\/isfd816.chu.infd.edu.ar\/\" target=\"_blank\" rel=\"noopener\" data-saferedirecturl=\"https:\/\/www.google.com\/url?q=http:\/\/isfd816.chu.infd.edu.ar&amp;source=gmail&amp;ust=1554863473180000&amp;usg=AFQjCNGhj5n2N3hMMmS3BZSq_s43gvIm9A\">isfd816.chu.infd.edu.ar<\/a>.<\/p>\n","protected":false},"excerpt":{"rendered":"<p>La Direcci\u00f3n del Instituto de Educaci\u00f3n Superior n\u00ba 816 de la Ciudad De Rawson, hace el 2do llamado abierto para la cobertura 2019 de: \u00a0PROFESORADO DE EDUCACI\u00d3N SECUNDARIA EN MATEM\u00c1TICA \u2013 RES. 538\/14 2do LLAMADO \u2013 1\u00b0 A\u00d1O. An\u00e1lisis Matem\u00e1tico I\u00a0Asignatura. Anual. 1\u00b0 a\u00f1o. Suplente. 5 hs. Perfil docente: Profesor\/a de Matem\u00e1tica. Presentaci\u00f3n de CV &#8230; <a title=\"Llamado UC (Prof. matem\u00e1tica)\" class=\"read-more\" href=\"https:\/\/isfd816-chu.infd.edu.ar\/sitio\/llamado-uc-prof-matematica-2\/\" aria-label=\"More on Llamado UC (Prof. matem\u00e1tica)\">[+]<\/a><\/p>\n","protected":false},"author":1698,"featured_media":1040,"comment_status":"open","ping_status":"open","sticky":false,"template":"","format":"standard","meta":[],"categories":[17,39],"tags":[],"acf":[],"_links":{"self":[{"href":"https:\/\/isfd816-chu.infd.edu.ar\/sitio\/wp-json\/wp\/v2\/posts\/1500"}],"collection":[{"href":"https:\/\/isfd816-chu.infd.edu.ar\/sitio\/wp-json\/wp\/v2\/posts"}],"about":[{"href":"https:\/\/isfd816-chu.infd.edu.ar\/sitio\/wp-json\/wp\/v2\/types\/post"}],"author":[{"embeddable":true,"href":"https:\/\/isfd816-chu.infd.edu.ar\/sitio\/wp-json\/wp\/v2\/users\/1698"}],"replies":[{"embeddable":true,"href":"https:\/\/isfd816-chu.infd.edu.ar\/sitio\/wp-json\/wp\/v2\/comments?post=1500"}],"version-history":[{"count":1,"href":"https:\/\/isfd816-chu.infd.edu.ar\/sitio\/wp-json\/wp\/v2\/posts\/1500\/revisions"}],"predecessor-version":[{"id":1501,"href":"https:\/\/isfd816-chu.infd.edu.ar\/sitio\/wp-json\/wp\/v2\/posts\/1500\/revisions\/1501"}],"wp:featuredmedia":[{"embeddable":true,"href":"https:\/\/isfd816-chu.infd.edu.ar\/sitio\/wp-json\/wp\/v2\/media\/1040"}],"wp:attachment":[{"href":"https:\/\/isfd816-chu.infd.edu.ar\/sitio\/wp-json\/wp\/v2\/media?parent=1500"}],"wp:term":[{"taxonomy":"category","embeddable":true,"href":"https:\/\/isfd816-chu.infd.edu.ar\/sitio\/wp-json\/wp\/v2\/categories?post=1500"},{"taxonomy":"post_tag","embeddable":true,"href":"https:\/\/isfd816-chu.infd.edu.ar\/sitio\/wp-json\/wp\/v2\/tags?post=1500"}],"curies":[{"name":"wp","href":"https:\/\/api.w.org\/{rel}","templated":true}]}}