{"id":1504,"date":"2019-04-12T13:01:10","date_gmt":"2019-04-12T16:01:10","guid":{"rendered":"https:\/\/isfd816-chu.infd.edu.ar\/sitio\/?p=1504"},"modified":"2019-04-12T13:17:19","modified_gmt":"2019-04-12T16:17:19","slug":"llamado-uc-prof-tecnologia-3","status":"publish","type":"post","link":"https:\/\/isfd816-chu.infd.edu.ar\/sitio\/llamado-uc-prof-tecnologia-3\/","title":{"rendered":"Llamado UC (Prof. Tecnolog\u00eda)"},"content":{"rendered":"<p>La Direcci\u00f3n del Instituto de Educaci\u00f3n Superior n\u00ba 816 de la Ciudad De Rawson, hace el llamado abierto y p\u00fablico para la cobertura 2019 de:<\/p>\n<p><strong><u>PROFESORADO EN EDUCACI\u00d3N TECNOL\u00d3GICA \u2013 RES. 311\/14<\/u><\/strong><\/p>\n<p><strong>\u00a03\u00b0 A\u00d1O.<\/strong><\/p>\n<p><strong>\u00a0\u00a0SISTEMA DE CONTROL,\u00a0<\/strong>3\u00b0 a\u00f1o. Formato: Taller-Asignatura. Anual. 6 hs c\u00e1tedra.\u00a0Suplencia, adhesi\u00f3n.\u00a0<strong>Perfil<\/strong>\u00a0docente con experiencia en TIC, electr\u00f3nica\u00a0\u00a0espec\u00edfica y orientada. Manejo de Arduino.<\/p>\n<p><strong>Presentaci\u00f3n de CV con el formato que figura en la web<\/strong>, documentaci\u00f3n respaldatoria y nota de adhesi\u00f3n de 19 a 21 hs. hasta el d\u00eda\u00a0\u00a017\/04\/2019 inclusive. Lugar: Secretar\u00eda Administrativa del Instituto sita en Federicci y Vuelta de obligado, Barrio San Pablo. Escuela n\u00b0 7705<\/p>\n","protected":false},"excerpt":{"rendered":"<p>La Direcci\u00f3n del Instituto de Educaci\u00f3n Superior n\u00ba 816 de la Ciudad De Rawson, hace el llamado abierto y p\u00fablico para la cobertura 2019 de: PROFESORADO EN EDUCACI\u00d3N TECNOL\u00d3GICA \u2013 RES. 311\/14 \u00a03\u00b0 A\u00d1O. \u00a0\u00a0SISTEMA DE CONTROL,\u00a03\u00b0 a\u00f1o. Formato: Taller-Asignatura. Anual. 6 hs c\u00e1tedra.\u00a0Suplencia, adhesi\u00f3n.\u00a0Perfil\u00a0docente con experiencia en TIC, electr\u00f3nica\u00a0\u00a0espec\u00edfica y orientada. Manejo de Arduino. &#8230; <a title=\"Llamado UC (Prof. Tecnolog\u00eda)\" class=\"read-more\" href=\"https:\/\/isfd816-chu.infd.edu.ar\/sitio\/llamado-uc-prof-tecnologia-3\/\" aria-label=\"More on Llamado UC (Prof. Tecnolog\u00eda)\">[+]<\/a><\/p>\n","protected":false},"author":1698,"featured_media":1037,"comment_status":"open","ping_status":"open","sticky":false,"template":"","format":"standard","meta":[],"categories":[17,16,39],"tags":[],"acf":[],"_links":{"self":[{"href":"https:\/\/isfd816-chu.infd.edu.ar\/sitio\/wp-json\/wp\/v2\/posts\/1504"}],"collection":[{"href":"https:\/\/isfd816-chu.infd.edu.ar\/sitio\/wp-json\/wp\/v2\/posts"}],"about":[{"href":"https:\/\/isfd816-chu.infd.edu.ar\/sitio\/wp-json\/wp\/v2\/types\/post"}],"author":[{"embeddable":true,"href":"https:\/\/isfd816-chu.infd.edu.ar\/sitio\/wp-json\/wp\/v2\/users\/1698"}],"replies":[{"embeddable":true,"href":"https:\/\/isfd816-chu.infd.edu.ar\/sitio\/wp-json\/wp\/v2\/comments?post=1504"}],"version-history":[{"count":1,"href":"https:\/\/isfd816-chu.infd.edu.ar\/sitio\/wp-json\/wp\/v2\/posts\/1504\/revisions"}],"predecessor-version":[{"id":1505,"href":"https:\/\/isfd816-chu.infd.edu.ar\/sitio\/wp-json\/wp\/v2\/posts\/1504\/revisions\/1505"}],"wp:featuredmedia":[{"embeddable":true,"href":"https:\/\/isfd816-chu.infd.edu.ar\/sitio\/wp-json\/wp\/v2\/media\/1037"}],"wp:attachment":[{"href":"https:\/\/isfd816-chu.infd.edu.ar\/sitio\/wp-json\/wp\/v2\/media?parent=1504"}],"wp:term":[{"taxonomy":"category","embeddable":true,"href":"https:\/\/isfd816-chu.infd.edu.ar\/sitio\/wp-json\/wp\/v2\/categories?post=1504"},{"taxonomy":"post_tag","embeddable":true,"href":"https:\/\/isfd816-chu.infd.edu.ar\/sitio\/wp-json\/wp\/v2\/tags?post=1504"}],"curies":[{"name":"wp","href":"https:\/\/api.w.org\/{rel}","templated":true}]}}