{"id":1507,"date":"2019-04-16T15:14:33","date_gmt":"2019-04-16T18:14:33","guid":{"rendered":"https:\/\/isfd816-chu.infd.edu.ar\/sitio\/?p=1507"},"modified":"2019-04-16T21:55:23","modified_gmt":"2019-04-17T00:55:23","slug":"llamado-uc-educ-especial-4","status":"publish","type":"post","link":"https:\/\/isfd816-chu.infd.edu.ar\/sitio\/llamado-uc-educ-especial-4\/","title":{"rendered":"Llamado UC (Educ. Especial)"},"content":{"rendered":"<p><span style=\"font-weight: 400;\">La Direcci\u00f3n del Instituto de Educaci\u00f3n Superior N\u00ba 816 de la Ciudad De Rawson, hace el 2do llamado abierto y p\u00fablico para la cobertura 2019 de:<\/span><\/p>\n<p><b>3er. A\u00f1o <\/b><i><span style=\"font-weight: 400;\">(Dise\u00f1o 2014)<\/span><\/i><\/p>\n<p><b>Matem\u00e1tica y su Did\u00e1ctica II: <\/b><span style=\"font-weight: 400;\">Anual, 4 horas. Suplencia con adhesi\u00f3n a proyecto (Por Art. 25 de Anabela Costa). Perfil: Profesor\/a de Matem\u00e1tica o afines. El mismo deber\u00e1 cumplir el horario de Lunes de 17 a 19.50 horas. PRESENTACI\u00d3N DE CV, DOCUMENTACI\u00d3N RESPALDATORIA Y NOTA DE ADHESI\u00d3N EN SECRETAR\u00cdA ADMINISTRATIVA DE 19 A 21 HS. EL D\u00cdA 17\/04\/2019.<\/span><\/p>\n<p><b>Tecnolog\u00edas de la Informaci\u00f3n y la Comunicaci\u00f3n<\/b><span style=\"font-weight: 400;\">: Cuatrimestral, 6 horas. Suplencia, adhesi\u00f3n con presentaci\u00f3n de CV. <\/span><b>Perfil<\/b><span style=\"font-weight: 400;\">: Formaci\u00f3n espec\u00edfica, orientaci\u00f3n y\/o especializaci\u00f3n en Educaci\u00f3n y TIC. El mismo deber\u00e1 cumplir el horario de Lunes de 20 a 22.10 y Martes de 20.40 a 22.10 horas. PRESENTACI\u00d3N DE CV, DOCUMENTACI\u00d3N RESPALDATORIA Y NOTA DE ADHESI\u00d3N EN SECRETAR\u00cdA ADMINISTRATIVA DE 19 A 21 HS. EL D\u00cdA 17\/04\/2019.<\/span><\/p>\n<p><span style=\"font-weight: 400;\">Presentaci\u00f3n de CV con el formato que figura en la web, documentaci\u00f3n respaldatoria y nota de adhesi\u00f3n de 19 a 21 hs. el d\u00eda 17\/04\/2019. Lugar: Secretar\u00eda Administrativa del Instituto sita en Federicci y Vuelta de obligado, Barrio San Pablo. Escuela N\u00b0 7705.<\/span><\/p>\n","protected":false},"excerpt":{"rendered":"<p>La Direcci\u00f3n del Instituto de Educaci\u00f3n Superior N\u00ba 816 de la Ciudad De Rawson, hace el 2do llamado abierto y p\u00fablico para la cobertura 2019 de: 3er. A\u00f1o (Dise\u00f1o 2014) Matem\u00e1tica y su Did\u00e1ctica II: Anual, 4 horas. Suplencia con adhesi\u00f3n a proyecto (Por Art. 25 de Anabela Costa). Perfil: Profesor\/a de Matem\u00e1tica o afines. &#8230; <a title=\"Llamado UC (Educ. Especial)\" class=\"read-more\" href=\"https:\/\/isfd816-chu.infd.edu.ar\/sitio\/llamado-uc-educ-especial-4\/\" aria-label=\"More on Llamado UC (Educ. Especial)\">[+]<\/a><\/p>\n","protected":false},"author":1698,"featured_media":1038,"comment_status":"open","ping_status":"open","sticky":false,"template":"","format":"standard","meta":[],"categories":[17,16,39],"tags":[],"acf":[],"_links":{"self":[{"href":"https:\/\/isfd816-chu.infd.edu.ar\/sitio\/wp-json\/wp\/v2\/posts\/1507"}],"collection":[{"href":"https:\/\/isfd816-chu.infd.edu.ar\/sitio\/wp-json\/wp\/v2\/posts"}],"about":[{"href":"https:\/\/isfd816-chu.infd.edu.ar\/sitio\/wp-json\/wp\/v2\/types\/post"}],"author":[{"embeddable":true,"href":"https:\/\/isfd816-chu.infd.edu.ar\/sitio\/wp-json\/wp\/v2\/users\/1698"}],"replies":[{"embeddable":true,"href":"https:\/\/isfd816-chu.infd.edu.ar\/sitio\/wp-json\/wp\/v2\/comments?post=1507"}],"version-history":[{"count":2,"href":"https:\/\/isfd816-chu.infd.edu.ar\/sitio\/wp-json\/wp\/v2\/posts\/1507\/revisions"}],"predecessor-version":[{"id":1512,"href":"https:\/\/isfd816-chu.infd.edu.ar\/sitio\/wp-json\/wp\/v2\/posts\/1507\/revisions\/1512"}],"wp:featuredmedia":[{"embeddable":true,"href":"https:\/\/isfd816-chu.infd.edu.ar\/sitio\/wp-json\/wp\/v2\/media\/1038"}],"wp:attachment":[{"href":"https:\/\/isfd816-chu.infd.edu.ar\/sitio\/wp-json\/wp\/v2\/media?parent=1507"}],"wp:term":[{"taxonomy":"category","embeddable":true,"href":"https:\/\/isfd816-chu.infd.edu.ar\/sitio\/wp-json\/wp\/v2\/categories?post=1507"},{"taxonomy":"post_tag","embeddable":true,"href":"https:\/\/isfd816-chu.infd.edu.ar\/sitio\/wp-json\/wp\/v2\/tags?post=1507"}],"curies":[{"name":"wp","href":"https:\/\/api.w.org\/{rel}","templated":true}]}}