{"id":1510,"date":"2019-04-16T15:19:54","date_gmt":"2019-04-16T18:19:54","guid":{"rendered":"https:\/\/isfd816-chu.infd.edu.ar\/sitio\/?p=1510"},"modified":"2019-04-16T15:19:54","modified_gmt":"2019-04-16T18:19:54","slug":"notificacion-llamados-ed-especial","status":"publish","type":"post","link":"https:\/\/isfd816-chu.infd.edu.ar\/sitio\/notificacion-llamados-ed-especial\/","title":{"rendered":"Notificaci\u00f3n llamados (Ed. Especial)"},"content":{"rendered":"<p>Se pide a los docentes que se presentaron en los espacios Pr\u00e1ctica IV, Derechos humanos y lectura y escritura acad\u00e9mica del profesorado de educaci\u00f3n especial, que deber\u00e1n notificarse, hoy 16 y ma\u00f1ana mi\u00e9rcoles 17 de abril desde las 17 horas en bedel\u00eda de la escuela Nro. 47, donde funciona la sede de la 816.<\/p>\n<p>Atte. Coordinaci\u00f3n de educaci\u00f3n especial<\/p>\n<p>&nbsp;<\/p>\n","protected":false},"excerpt":{"rendered":"<p>Se pide a los docentes que se presentaron en los espacios Pr\u00e1ctica IV, Derechos humanos y lectura y escritura acad\u00e9mica del profesorado de educaci\u00f3n especial, que deber\u00e1n notificarse, hoy 16 y ma\u00f1ana mi\u00e9rcoles 17 de abril desde las 17 horas en bedel\u00eda de la escuela Nro. 47, donde funciona la sede de la 816. Atte. &#8230; <a title=\"Notificaci\u00f3n llamados (Ed. Especial)\" class=\"read-more\" href=\"https:\/\/isfd816-chu.infd.edu.ar\/sitio\/notificacion-llamados-ed-especial\/\" aria-label=\"More on Notificaci\u00f3n llamados (Ed. Especial)\">[+]<\/a><\/p>\n","protected":false},"author":1698,"featured_media":1059,"comment_status":"open","ping_status":"open","sticky":false,"template":"","format":"standard","meta":[],"categories":[18,17,16,39],"tags":[],"acf":[],"_links":{"self":[{"href":"https:\/\/isfd816-chu.infd.edu.ar\/sitio\/wp-json\/wp\/v2\/posts\/1510"}],"collection":[{"href":"https:\/\/isfd816-chu.infd.edu.ar\/sitio\/wp-json\/wp\/v2\/posts"}],"about":[{"href":"https:\/\/isfd816-chu.infd.edu.ar\/sitio\/wp-json\/wp\/v2\/types\/post"}],"author":[{"embeddable":true,"href":"https:\/\/isfd816-chu.infd.edu.ar\/sitio\/wp-json\/wp\/v2\/users\/1698"}],"replies":[{"embeddable":true,"href":"https:\/\/isfd816-chu.infd.edu.ar\/sitio\/wp-json\/wp\/v2\/comments?post=1510"}],"version-history":[{"count":1,"href":"https:\/\/isfd816-chu.infd.edu.ar\/sitio\/wp-json\/wp\/v2\/posts\/1510\/revisions"}],"predecessor-version":[{"id":1511,"href":"https:\/\/isfd816-chu.infd.edu.ar\/sitio\/wp-json\/wp\/v2\/posts\/1510\/revisions\/1511"}],"wp:featuredmedia":[{"embeddable":true,"href":"https:\/\/isfd816-chu.infd.edu.ar\/sitio\/wp-json\/wp\/v2\/media\/1059"}],"wp:attachment":[{"href":"https:\/\/isfd816-chu.infd.edu.ar\/sitio\/wp-json\/wp\/v2\/media?parent=1510"}],"wp:term":[{"taxonomy":"category","embeddable":true,"href":"https:\/\/isfd816-chu.infd.edu.ar\/sitio\/wp-json\/wp\/v2\/categories?post=1510"},{"taxonomy":"post_tag","embeddable":true,"href":"https:\/\/isfd816-chu.infd.edu.ar\/sitio\/wp-json\/wp\/v2\/tags?post=1510"}],"curies":[{"name":"wp","href":"https:\/\/api.w.org\/{rel}","templated":true}]}}