{"id":1513,"date":"2019-04-16T21:59:15","date_gmt":"2019-04-17T00:59:15","guid":{"rendered":"https:\/\/isfd816-chu.infd.edu.ar\/sitio\/?p=1513"},"modified":"2019-04-16T22:00:51","modified_gmt":"2019-04-17T01:00:51","slug":"notificacion-llamados-uc-ed-especial-nuevos","status":"publish","type":"post","link":"https:\/\/isfd816-chu.infd.edu.ar\/sitio\/notificacion-llamados-uc-ed-especial-nuevos\/","title":{"rendered":"Notificaci\u00f3n Llamados UC (Ed. Especial) -Nuevos!!-"},"content":{"rendered":"<p>A partir de ma\u00f1ana <strong>mi\u00e9rcoles 17\/04<\/strong> se podr\u00e1n acercar a notificar los docentes en relaci\u00f3n a los llamados de las materias educaci\u00f3n temprana (desde 17 horas) y de UDI comunicaci\u00f3n, lengua y literatura (desde 19 horas inclusive ) en Bedel\u00eda de la Escuela 47. Los mismos corresponden a los llamados de las UC realizados en abril para educaci\u00f3n especial.<\/p>\n<p><strong><em>Atte. Coordinaci\u00f3n de Educaci\u00f3n Especial<\/em><\/strong><\/p>\n<p>&nbsp;<\/p>\n","protected":false},"excerpt":{"rendered":"<p>A partir de ma\u00f1ana mi\u00e9rcoles 17\/04 se podr\u00e1n acercar a notificar los docentes en relaci\u00f3n a los llamados de las materias educaci\u00f3n temprana (desde 17 horas) y de UDI comunicaci\u00f3n, lengua y literatura (desde 19 horas inclusive ) en Bedel\u00eda de la Escuela 47. Los mismos corresponden a los llamados de las UC realizados en &#8230; <a title=\"Notificaci\u00f3n Llamados UC (Ed. Especial) -Nuevos!!-\" class=\"read-more\" href=\"https:\/\/isfd816-chu.infd.edu.ar\/sitio\/notificacion-llamados-uc-ed-especial-nuevos\/\" aria-label=\"More on Notificaci\u00f3n Llamados UC (Ed. Especial) -Nuevos!!-\">[+]<\/a><\/p>\n","protected":false},"author":1698,"featured_media":1055,"comment_status":"open","ping_status":"open","sticky":false,"template":"","format":"standard","meta":[],"categories":[17,16,39],"tags":[],"acf":[],"_links":{"self":[{"href":"https:\/\/isfd816-chu.infd.edu.ar\/sitio\/wp-json\/wp\/v2\/posts\/1513"}],"collection":[{"href":"https:\/\/isfd816-chu.infd.edu.ar\/sitio\/wp-json\/wp\/v2\/posts"}],"about":[{"href":"https:\/\/isfd816-chu.infd.edu.ar\/sitio\/wp-json\/wp\/v2\/types\/post"}],"author":[{"embeddable":true,"href":"https:\/\/isfd816-chu.infd.edu.ar\/sitio\/wp-json\/wp\/v2\/users\/1698"}],"replies":[{"embeddable":true,"href":"https:\/\/isfd816-chu.infd.edu.ar\/sitio\/wp-json\/wp\/v2\/comments?post=1513"}],"version-history":[{"count":2,"href":"https:\/\/isfd816-chu.infd.edu.ar\/sitio\/wp-json\/wp\/v2\/posts\/1513\/revisions"}],"predecessor-version":[{"id":1515,"href":"https:\/\/isfd816-chu.infd.edu.ar\/sitio\/wp-json\/wp\/v2\/posts\/1513\/revisions\/1515"}],"wp:featuredmedia":[{"embeddable":true,"href":"https:\/\/isfd816-chu.infd.edu.ar\/sitio\/wp-json\/wp\/v2\/media\/1055"}],"wp:attachment":[{"href":"https:\/\/isfd816-chu.infd.edu.ar\/sitio\/wp-json\/wp\/v2\/media?parent=1513"}],"wp:term":[{"taxonomy":"category","embeddable":true,"href":"https:\/\/isfd816-chu.infd.edu.ar\/sitio\/wp-json\/wp\/v2\/categories?post=1513"},{"taxonomy":"post_tag","embeddable":true,"href":"https:\/\/isfd816-chu.infd.edu.ar\/sitio\/wp-json\/wp\/v2\/tags?post=1513"}],"curies":[{"name":"wp","href":"https:\/\/api.w.org\/{rel}","templated":true}]}}