{"id":1517,"date":"2019-04-25T07:01:00","date_gmt":"2019-04-25T10:01:00","guid":{"rendered":"https:\/\/isfd816-chu.infd.edu.ar\/sitio\/?p=1517"},"modified":"2019-04-25T07:01:00","modified_gmt":"2019-04-25T10:01:00","slug":"llamado-uc-prof-educ-inicial","status":"publish","type":"post","link":"https:\/\/isfd816-chu.infd.edu.ar\/sitio\/llamado-uc-prof-educ-inicial\/","title":{"rendered":"Llamado UC (prof. Educ. Inicial)"},"content":{"rendered":"<p style=\"font-weight: 400;\">La Direcci\u00f3n del Instituto Superior N\u00b0 816 de la ciudad de Rawson hace el llamado abierto y p\u00fablico para la cobertura de suplencias con proyectos en vigencia:<\/p>\n<p style=\"font-weight: 400;\"><strong><u>PROFESORADO DE EDUCACION INICIAL<\/u><\/strong><\/p>\n<p style=\"font-weight: 400;\"><strong>2\u00b0 A\u00f1o<\/strong><\/p>\n<p style=\"font-weight: 400;\"><strong>*\u00a0LENGUA Y SU DID\u00c1CTICA\u00a0<\/strong><strong>(Asignatura),\u00a0<\/strong>Anual,\u00a05 hs.\u00a0<u>Perfil docente<\/u>: Un\/a docente de Nivel Inicial\u00a0\u00a0con especializaci\u00f3n en el \u00e1rea para conformar pareja pedag\u00f3gica.<\/p>\n<p style=\"font-weight: 400;\"><strong>2\u00b0 A\u00f1o<\/strong><\/p>\n<p style=\"font-weight: 400;\"><strong>*DID\u00c1CTICA DEL JARD\u00cdN MATERNAL (Asignatura),\u00a0<\/strong>\u00a0Anual, 3hs\u00a0<u>Perfil docente:\u00a0<\/u>Un\/a docente con formaci\u00f3n espec\u00edfica en Pedagog\u00eda y\/o Did\u00e1ctica para conformar pareja pedag\u00f3gica.<\/p>\n<p style=\"font-weight: 400;\"><strong>3\u00b0 A\u00f1o<\/strong><\/p>\n<p style=\"font-weight: 400;\"><strong>* ALFABETIZACI\u00d3N INICIAL (Asignatura),\u00a0<\/strong>\u00a0Anual,\u00a0\u00a04 hs c\u00e1tedra\u00a0<u>Perfil docente<\/u>: Un\/a docente de\u00a0Nivel Inicial preferentemente con capacitaciones\/actualizaciones en el \u00e1rea para formar pareja pedag\u00f3gica.<\/p>\n<p style=\"font-weight: 400;\"><strong>Presentaci\u00f3n de CV con el formato que figura en la web<\/strong>, documentaci\u00f3n respaldatoria y nota de adhesi\u00f3n de 19 a 21 hs. hasta el d\u00eda\u00a0\u00a029\/04\/2019 inclusive. Lugar: Secretar\u00eda Administrativa del Instituto sita en Federicci y Vuelta de obligado, Barrio San Pablo. Escuela n\u00b0 7705<\/p>\n","protected":false},"excerpt":{"rendered":"<p>La Direcci\u00f3n del Instituto Superior N\u00b0 816 de la ciudad de Rawson hace el llamado abierto y p\u00fablico para la cobertura de suplencias con proyectos en vigencia: PROFESORADO DE EDUCACION INICIAL 2\u00b0 A\u00f1o *\u00a0LENGUA Y SU DID\u00c1CTICA\u00a0(Asignatura),\u00a0Anual,\u00a05 hs.\u00a0Perfil docente: Un\/a docente de Nivel Inicial\u00a0\u00a0con especializaci\u00f3n en el \u00e1rea para conformar pareja pedag\u00f3gica. 2\u00b0 A\u00f1o *DID\u00c1CTICA &#8230; <a title=\"Llamado UC (prof. Educ. Inicial)\" class=\"read-more\" href=\"https:\/\/isfd816-chu.infd.edu.ar\/sitio\/llamado-uc-prof-educ-inicial\/\" aria-label=\"More on Llamado UC (prof. Educ. Inicial)\">[+]<\/a><\/p>\n","protected":false},"author":1698,"featured_media":1042,"comment_status":"open","ping_status":"open","sticky":false,"template":"","format":"standard","meta":[],"categories":[17,16,39],"tags":[],"acf":[],"_links":{"self":[{"href":"https:\/\/isfd816-chu.infd.edu.ar\/sitio\/wp-json\/wp\/v2\/posts\/1517"}],"collection":[{"href":"https:\/\/isfd816-chu.infd.edu.ar\/sitio\/wp-json\/wp\/v2\/posts"}],"about":[{"href":"https:\/\/isfd816-chu.infd.edu.ar\/sitio\/wp-json\/wp\/v2\/types\/post"}],"author":[{"embeddable":true,"href":"https:\/\/isfd816-chu.infd.edu.ar\/sitio\/wp-json\/wp\/v2\/users\/1698"}],"replies":[{"embeddable":true,"href":"https:\/\/isfd816-chu.infd.edu.ar\/sitio\/wp-json\/wp\/v2\/comments?post=1517"}],"version-history":[{"count":1,"href":"https:\/\/isfd816-chu.infd.edu.ar\/sitio\/wp-json\/wp\/v2\/posts\/1517\/revisions"}],"predecessor-version":[{"id":1518,"href":"https:\/\/isfd816-chu.infd.edu.ar\/sitio\/wp-json\/wp\/v2\/posts\/1517\/revisions\/1518"}],"wp:featuredmedia":[{"embeddable":true,"href":"https:\/\/isfd816-chu.infd.edu.ar\/sitio\/wp-json\/wp\/v2\/media\/1042"}],"wp:attachment":[{"href":"https:\/\/isfd816-chu.infd.edu.ar\/sitio\/wp-json\/wp\/v2\/media?parent=1517"}],"wp:term":[{"taxonomy":"category","embeddable":true,"href":"https:\/\/isfd816-chu.infd.edu.ar\/sitio\/wp-json\/wp\/v2\/categories?post=1517"},{"taxonomy":"post_tag","embeddable":true,"href":"https:\/\/isfd816-chu.infd.edu.ar\/sitio\/wp-json\/wp\/v2\/tags?post=1517"}],"curies":[{"name":"wp","href":"https:\/\/api.w.org\/{rel}","templated":true}]}}