{"id":1627,"date":"2019-11-01T19:24:22","date_gmt":"2019-11-01T22:24:22","guid":{"rendered":"https:\/\/isfd816-chu.infd.edu.ar\/sitio\/?p=1627"},"modified":"2020-09-23T19:06:02","modified_gmt":"2020-09-23T22:06:02","slug":"llamado-uc-prof-matematica-3","status":"publish","type":"post","link":"https:\/\/isfd816-chu.infd.edu.ar\/sitio\/llamado-uc-prof-matematica-3\/","title":{"rendered":"Llamado UC (Prof. Matem\u00e1tica)"},"content":{"rendered":"<p>La Direcci\u00f3n del Instituto Superior N\u00b0 816 de la ciudad de Rawson hace el llamado abierto y p\u00fablico para la cobertura de las siguientes UC 2020:<\/p>\n<p><strong>Profesorado de Educaci\u00f3n Secundaria en Matem\u00e1tica<\/strong><\/p>\n<p><strong>2do a\u00f1o<\/strong><\/p>\n<ul>\n<li><strong>Historia y Pol\u00edtica de la Educaci\u00f3n Argentina;<\/strong><strong>\u00a0Anual; 3hs cat.; Interino. Docente con\u00a0<\/strong>Formaci\u00f3n espec\u00edfica en Historia, con orientaci\u00f3n y\/o experiencia en el \u00e1rea de la educaci\u00f3n; Formaci\u00f3n en Ciencias de la Educaci\u00f3n, con orientaci\u00f3n y\/o experiencia en el \u00e1rea de la Historia de la Educaci\u00f3n;<\/li>\n<li><strong>Taller:\u00a0<\/strong><strong>Educaci\u00f3n y TIC;\u00a0<\/strong><strong>1er cuatrimestre; 3hs cat.; Interino. Docente con\u00a0<\/strong>Formaci\u00f3n espec\u00edfica, orientaci\u00f3n y\/o especializaci\u00f3n en Educaci\u00f3n y TIC;<\/li>\n<li><strong>An\u00e1lisis Matem\u00e1tico II;\u00a0<\/strong><strong>Anual; 5hs cat.; Interino.\u00a0<\/strong>Profesor\/a de Matem\u00e1tica;<\/li>\n<li><strong>Algebra II;\u00a0<\/strong><strong>Anual; 5hs cat.; Interino.\u00a0<\/strong>Profesor\/a de Matem\u00e1tica;<\/li>\n<li><strong>Geometr\u00eda II;\u00a0<\/strong><strong>Anual; 4hs cat.; Interino. Formato del Docente:\u00a0<\/strong>Profesor\/a de Matem\u00e1tica;<\/li>\n<li><strong>Modelizaci\u00f3n en la Resoluci\u00f3n de Problemas;\u00a0<\/strong><strong>Anual; 3hs cat.; Interino.\u00a0<\/strong>Profesor\/a de Matem\u00e1tica;<\/li>\n<li><strong>Did\u00e1ctica de la Matem\u00e1tica I;\u00a0<\/strong><strong>Anual; 3hs cat.; Interino.\u00a0<\/strong>Se debe conformar una pareja pedag\u00f3gica, con un\/a profesor\/a de Matem\u00e1tica que tenga conocimiento y experiencia en el nivel secundario; y un docente con postitulaci\u00f3n en Ense\u00f1anza de la Matem\u00e1tica, o con formaci\u00f3n espec\u00edfica en Pedagog\u00eda y\/o Did\u00e1ctica.<\/li>\n<li><strong>Sujeto de Aprendizaje I;\u00a0<\/strong><strong>Anual; 4hs cat.; Interino.\u00a0<\/strong>Se debe conformar una pareja pedag\u00f3gica, con un\/a profesor\/a de Matem\u00e1tica; y un\/a profesional con formaci\u00f3n espec\u00edfica en Psicolog\u00eda, Psicopedagog\u00eda y\/o en Ciencias de la Educaci\u00f3n, con orientaci\u00f3n y experiencia en el \u00e1rea de la psicolog\u00eda;<\/li>\n<li><strong>Pr\u00e1cticas Docentes: Practica Profesional Docente II;\u00a0<\/strong><strong>Anual; 6hs cat.; Interino. Formato del Docente:\u00a0<\/strong>Se debe conformar una pareja pedag\u00f3gica, con un docente de la disciplina que tenga conocimiento y experiencia en el Nivel Secundario; y un docente con formaci\u00f3n espec\u00edfica en Pedagog\u00eda, Did\u00e1ctica y\/o Gesti\u00f3n Institucional.<\/li>\n<\/ul>\n<p><strong>\u00a0<\/strong>Presentaci\u00f3n en la Secretar\u00eda Administrativa de <strong>19 a 21 hs. Mi\u00e9rcoles 06\/11\/2019.<\/strong> En sobre cerrado el postulante presentar\u00e1 el Proyecto firmado con un seud\u00f3nimo. En el exterior se colocar\u00e1 seud\u00f3nimo y espacio al cual se presenta, adem\u00e1s, abrochado, un sobre con el seud\u00f3nimo que adentro contendr\u00e1 DNI, Declaraci\u00f3n Jurada actualizada,\u00a0<strong>CV con el formato que figura en la web<\/strong>, certificaci\u00f3n de servicios y documentaci\u00f3n respaldatoria, (los profesores que no son de la casa, presentar originales y copias para poder certificar, de lo contrario no tendr\u00e1 validez).<\/p>\n<p>Consultar Dise\u00f1os curriculares, modelos de presentaci\u00f3n de proyecto, de cv y grilla tipo, en la p\u00e1gina web\u00a0<a href=\"http:\/\/isfd816.chu.infd.edu.ar\/\" target=\"_blank\" rel=\"noopener\" data-saferedirecturl=\"https:\/\/www.google.com\/url?q=http:\/\/isfd816.chu.infd.edu.ar\/&amp;source=gmail&amp;ust=1572732962298000&amp;usg=AFQjCNHAdJVvAbgOs2m9rqcCOfS4rsDMkw\">isfd816.chu.infd.edu.ar<\/a>. Lugar: Secretar\u00eda Administrativa del Instituto sita en Federicci y Vuelta de obligado, Barri\u00f3 San Pablo. Escuela n\u00b0 7705.<\/p>\n","protected":false},"excerpt":{"rendered":"<p>La Direcci\u00f3n del Instituto Superior N\u00b0 816 de la ciudad de Rawson hace el llamado abierto y p\u00fablico para la cobertura de las siguientes UC 2020: Profesorado de Educaci\u00f3n Secundaria en Matem\u00e1tica 2do a\u00f1o Historia y Pol\u00edtica de la Educaci\u00f3n Argentina;\u00a0Anual; 3hs cat.; Interino. Docente con\u00a0Formaci\u00f3n espec\u00edfica en Historia, con orientaci\u00f3n y\/o experiencia en el &#8230; <a title=\"Llamado UC (Prof. Matem\u00e1tica)\" class=\"read-more\" href=\"https:\/\/isfd816-chu.infd.edu.ar\/sitio\/llamado-uc-prof-matematica-3\/\" aria-label=\"More on Llamado UC (Prof. Matem\u00e1tica)\">[+]<\/a><\/p>\n","protected":false},"author":1698,"featured_media":1040,"comment_status":"open","ping_status":"open","sticky":false,"template":"","format":"standard","meta":[],"categories":[17,16,39],"tags":[],"acf":[],"_links":{"self":[{"href":"https:\/\/isfd816-chu.infd.edu.ar\/sitio\/wp-json\/wp\/v2\/posts\/1627"}],"collection":[{"href":"https:\/\/isfd816-chu.infd.edu.ar\/sitio\/wp-json\/wp\/v2\/posts"}],"about":[{"href":"https:\/\/isfd816-chu.infd.edu.ar\/sitio\/wp-json\/wp\/v2\/types\/post"}],"author":[{"embeddable":true,"href":"https:\/\/isfd816-chu.infd.edu.ar\/sitio\/wp-json\/wp\/v2\/users\/1698"}],"replies":[{"embeddable":true,"href":"https:\/\/isfd816-chu.infd.edu.ar\/sitio\/wp-json\/wp\/v2\/comments?post=1627"}],"version-history":[{"count":1,"href":"https:\/\/isfd816-chu.infd.edu.ar\/sitio\/wp-json\/wp\/v2\/posts\/1627\/revisions"}],"predecessor-version":[{"id":1628,"href":"https:\/\/isfd816-chu.infd.edu.ar\/sitio\/wp-json\/wp\/v2\/posts\/1627\/revisions\/1628"}],"wp:featuredmedia":[{"embeddable":true,"href":"https:\/\/isfd816-chu.infd.edu.ar\/sitio\/wp-json\/wp\/v2\/media\/1040"}],"wp:attachment":[{"href":"https:\/\/isfd816-chu.infd.edu.ar\/sitio\/wp-json\/wp\/v2\/media?parent=1627"}],"wp:term":[{"taxonomy":"category","embeddable":true,"href":"https:\/\/isfd816-chu.infd.edu.ar\/sitio\/wp-json\/wp\/v2\/categories?post=1627"},{"taxonomy":"post_tag","embeddable":true,"href":"https:\/\/isfd816-chu.infd.edu.ar\/sitio\/wp-json\/wp\/v2\/tags?post=1627"}],"curies":[{"name":"wp","href":"https:\/\/api.w.org\/{rel}","templated":true}]}}