{"id":1633,"date":"2019-11-07T06:49:51","date_gmt":"2019-11-07T09:49:51","guid":{"rendered":"https:\/\/isfd816-chu.infd.edu.ar\/sitio\/?p=1633"},"modified":"2019-11-07T06:49:51","modified_gmt":"2019-11-07T09:49:51","slug":"llamado-uc-tec-adm-publica-2","status":"publish","type":"post","link":"https:\/\/isfd816-chu.infd.edu.ar\/sitio\/llamado-uc-tec-adm-publica-2\/","title":{"rendered":"Llamado UC (Tec. Adm. P\u00fablica)"},"content":{"rendered":"<p>La Direcci\u00f3n del Instituto Superior N\u00b0 816 de la ciudad de Rawson hace el llamado abierto y p\u00fablico para la cobertura de las siguientes UC 2020:<\/p>\n<p><strong>LLAMADO EN TECNICATURA SUPERIOR EN ADMINISTRACI\u00d3N P\u00daBLICA ORIENTADA AL DESARROLLO LOCAL (2\u00b0 A\u00d1O).<\/strong><\/p>\n<p><strong>\u00a0PR\u00c1CTICA PROFESIONAL II (EL PLANEAMIENTO PARTICIPATIVO),\u00a0<\/strong>Anual. 8 hs, interino. M\u00f3dulo; integrado por dos docentes:\u00a0\u00a0Lic. en Ciencias Pol\u00edticas, Lic. en Administraci\u00f3n, Lic. en Sociolog\u00eda, Profesional con t\u00edtulo habilitante preferentemente con experiencia en Administraci\u00f3n P\u00fablica.<\/p>\n<p><strong>PROBLEM\u00c1TICAS SOCIOPOL\u00cdTICAS CONTEMPOR\u00c1NEAS:<\/strong>\u00a0Cuatrimestral (1\u00b0 cuatrimestre). 4 hs interino. Taller, perfil: Profesor y\/o Lic. en Sociolog\u00eda, Lic. en Antropolog\u00eda, Prof. y\/o Lic. en Historia, Lic. en Comunicaci\u00f3n Social, Profesional con t\u00edtulo habilitante preferentemente con experiencia en Administraci\u00f3n P\u00fablica.<\/p>\n<p><strong>POL\u00cdTICAS P\u00daBLICAS, PLANEAMIENTO ESTRAT\u00c9GICO Y DESARROLLO LOCAL,<\/strong>\u00a0Anual. 5 hs interino. seminario, estar\u00e1 a cargo de dos docentes: Perfiles\u00a0\u00a0Lic. en Ciencias Pol\u00edticas, Lic. en Administraci\u00f3n, Lic. en Sociolog\u00eda, Profesional con t\u00edtulo habilitante preferentemente con experiencia en Administraci\u00f3n P\u00fablica. Deber\u00e1 acreditarse experiencia en gesti\u00f3n de pol\u00edticas p\u00fablicas y desarrollo local.<\/p>\n<p><strong>DERECHO ADMINISTRATIVO,\u00a0<\/strong>Anual. 3 hs interino. Asignatura. Estar\u00e1 a cargo de un docente,\u00a0\u00a0Profesor en Ciencias Jur\u00eddicas, Abogado. Profesional con t\u00edtulo habilitante preferentemente con experiencia en Administraci\u00f3n P\u00fablica.<\/p>\n<p><strong>ECONOM\u00cdA LOCAL, REGIONAL Y GLOBAL,\u00a0<\/strong>Anual. 5 hs interino. Asignatura. Estar\u00e1 a cargo de un docente:\u00a0\u00a0Lic. en Ciencias Econ\u00f3micas. Profesional con t\u00edtulo habilitante preferentemente con experiencia en Administraci\u00f3n P\u00fablica.<\/p>\n<p>&nbsp;<\/p>\n<p>Presentaci\u00f3n en la Secretar\u00eda Administrativa <strong>de 19 a 21 hs. el Viernes 08\/11\/2019<\/strong> inclusive. En sobre cerrado el postulante presentar\u00e1 el Proyecto firmado con un seud\u00f3nimo. En el exterior se colocar\u00e1 seud\u00f3nimo y espacio al cual se presenta, adem\u00e1s, abrochado, un sobre con el seud\u00f3nimo que adentro contendr\u00e1 DNI, Declaraci\u00f3n Jurada actualizada,\u00a0<strong>CV con el formato que figura en la web<\/strong>, certificaci\u00f3n de servicios y documentaci\u00f3n respaldatoria, (los profesores que no son de la casa, presentar originales y copias para poder certificar, de lo contrario no tendr\u00e1 validez).<\/p>\n<p>Consultar Dise\u00f1os curriculares, modelos de presentaci\u00f3n de proyecto, de cv y grilla tipo, en la p\u00e1gina web\u00a0<a href=\"http:\/\/isfd816.chu.infd.edu.ar\/\" target=\"_blank\" rel=\"noopener noreferrer\" data-saferedirecturl=\"https:\/\/www.google.com\/url?q=http:\/\/isfd816.chu.infd.edu.ar\/&amp;source=gmail&amp;ust=1572990157842000&amp;usg=AFQjCNGwNqXcoS1IDcLx-KhWlAroBIvpWw\">isfd816.chu.infd.edu.ar<\/a>. Lugar: Secretar\u00eda Administrativa del Instituto sita en Federicci y Vuelta de obligado, Barri\u00f3 San Pablo. Escuela n\u00b0 7705.<\/p>\n<p><strong>\u00a0<\/strong><\/p>\n","protected":false},"excerpt":{"rendered":"<p>La Direcci\u00f3n del Instituto Superior N\u00b0 816 de la ciudad de Rawson hace el llamado abierto y p\u00fablico para la cobertura de las siguientes UC 2020: LLAMADO EN TECNICATURA SUPERIOR EN ADMINISTRACI\u00d3N P\u00daBLICA ORIENTADA AL DESARROLLO LOCAL (2\u00b0 A\u00d1O). \u00a0PR\u00c1CTICA PROFESIONAL II (EL PLANEAMIENTO PARTICIPATIVO),\u00a0Anual. 8 hs, interino. M\u00f3dulo; integrado por dos docentes:\u00a0\u00a0Lic. en Ciencias &#8230; <a title=\"Llamado UC (Tec. Adm. P\u00fablica)\" class=\"read-more\" href=\"https:\/\/isfd816-chu.infd.edu.ar\/sitio\/llamado-uc-tec-adm-publica-2\/\" aria-label=\"More on Llamado UC (Tec. Adm. P\u00fablica)\">[+]<\/a><\/p>\n","protected":false},"author":1698,"featured_media":1060,"comment_status":"open","ping_status":"open","sticky":false,"template":"","format":"standard","meta":[],"categories":[17,16],"tags":[],"acf":[],"_links":{"self":[{"href":"https:\/\/isfd816-chu.infd.edu.ar\/sitio\/wp-json\/wp\/v2\/posts\/1633"}],"collection":[{"href":"https:\/\/isfd816-chu.infd.edu.ar\/sitio\/wp-json\/wp\/v2\/posts"}],"about":[{"href":"https:\/\/isfd816-chu.infd.edu.ar\/sitio\/wp-json\/wp\/v2\/types\/post"}],"author":[{"embeddable":true,"href":"https:\/\/isfd816-chu.infd.edu.ar\/sitio\/wp-json\/wp\/v2\/users\/1698"}],"replies":[{"embeddable":true,"href":"https:\/\/isfd816-chu.infd.edu.ar\/sitio\/wp-json\/wp\/v2\/comments?post=1633"}],"version-history":[{"count":1,"href":"https:\/\/isfd816-chu.infd.edu.ar\/sitio\/wp-json\/wp\/v2\/posts\/1633\/revisions"}],"predecessor-version":[{"id":1634,"href":"https:\/\/isfd816-chu.infd.edu.ar\/sitio\/wp-json\/wp\/v2\/posts\/1633\/revisions\/1634"}],"wp:featuredmedia":[{"embeddable":true,"href":"https:\/\/isfd816-chu.infd.edu.ar\/sitio\/wp-json\/wp\/v2\/media\/1060"}],"wp:attachment":[{"href":"https:\/\/isfd816-chu.infd.edu.ar\/sitio\/wp-json\/wp\/v2\/media?parent=1633"}],"wp:term":[{"taxonomy":"category","embeddable":true,"href":"https:\/\/isfd816-chu.infd.edu.ar\/sitio\/wp-json\/wp\/v2\/categories?post=1633"},{"taxonomy":"post_tag","embeddable":true,"href":"https:\/\/isfd816-chu.infd.edu.ar\/sitio\/wp-json\/wp\/v2\/tags?post=1633"}],"curies":[{"name":"wp","href":"https:\/\/api.w.org\/{rel}","templated":true}]}}