{"id":1639,"date":"2019-11-08T20:30:03","date_gmt":"2019-11-08T23:30:03","guid":{"rendered":"https:\/\/isfd816-chu.infd.edu.ar\/sitio\/?p=1639"},"modified":"2020-09-23T19:06:02","modified_gmt":"2020-09-23T22:06:02","slug":"continuacion-de-actividades","status":"publish","type":"post","link":"https:\/\/isfd816-chu.infd.edu.ar\/sitio\/continuacion-de-actividades\/","title":{"rendered":"Continuaci\u00f3n de actividades"},"content":{"rendered":"<p>Ante la exigencia de depositar los sueldos sin descuentos haciendo lugar a la cautelar presentada, retomamos actividades el dia lunes.<br \/>\nSolicitamos igual que cada docente acerque su reclamo, si lo considera, para estar prestos ante cualquier \u00abcambio\u00bb.<br \/>\nEse d\u00eda (lunes) recibiremos proyectos cuya presentaci\u00f3n venc\u00eda hoy.<br \/>\nCada docente informar\u00e1 si se adhiere a la medida de fuerza, el lunes.<br \/>\nGracias a todos!!!<\/p>\n<p><em><strong>Equipo directivo<\/strong><\/em><\/p>\n<p>&nbsp;<\/p>\n","protected":false},"excerpt":{"rendered":"<p>Ante la exigencia de depositar los sueldos sin descuentos haciendo lugar a la cautelar presentada, retomamos actividades el dia lunes. Solicitamos igual que cada docente acerque su reclamo, si lo considera, para estar prestos ante cualquier \u00abcambio\u00bb. Ese d\u00eda (lunes) recibiremos proyectos cuya presentaci\u00f3n venc\u00eda hoy. Cada docente informar\u00e1 si se adhiere a la medida &#8230; <a title=\"Continuaci\u00f3n de actividades\" class=\"read-more\" href=\"https:\/\/isfd816-chu.infd.edu.ar\/sitio\/continuacion-de-actividades\/\" aria-label=\"More on Continuaci\u00f3n de actividades\">[+]<\/a><\/p>\n","protected":false},"author":1698,"featured_media":0,"comment_status":"open","ping_status":"open","sticky":false,"template":"","format":"standard","meta":[],"categories":[18,16,39],"tags":[],"acf":[],"_links":{"self":[{"href":"https:\/\/isfd816-chu.infd.edu.ar\/sitio\/wp-json\/wp\/v2\/posts\/1639"}],"collection":[{"href":"https:\/\/isfd816-chu.infd.edu.ar\/sitio\/wp-json\/wp\/v2\/posts"}],"about":[{"href":"https:\/\/isfd816-chu.infd.edu.ar\/sitio\/wp-json\/wp\/v2\/types\/post"}],"author":[{"embeddable":true,"href":"https:\/\/isfd816-chu.infd.edu.ar\/sitio\/wp-json\/wp\/v2\/users\/1698"}],"replies":[{"embeddable":true,"href":"https:\/\/isfd816-chu.infd.edu.ar\/sitio\/wp-json\/wp\/v2\/comments?post=1639"}],"version-history":[{"count":1,"href":"https:\/\/isfd816-chu.infd.edu.ar\/sitio\/wp-json\/wp\/v2\/posts\/1639\/revisions"}],"predecessor-version":[{"id":1640,"href":"https:\/\/isfd816-chu.infd.edu.ar\/sitio\/wp-json\/wp\/v2\/posts\/1639\/revisions\/1640"}],"wp:attachment":[{"href":"https:\/\/isfd816-chu.infd.edu.ar\/sitio\/wp-json\/wp\/v2\/media?parent=1639"}],"wp:term":[{"taxonomy":"category","embeddable":true,"href":"https:\/\/isfd816-chu.infd.edu.ar\/sitio\/wp-json\/wp\/v2\/categories?post=1639"},{"taxonomy":"post_tag","embeddable":true,"href":"https:\/\/isfd816-chu.infd.edu.ar\/sitio\/wp-json\/wp\/v2\/tags?post=1639"}],"curies":[{"name":"wp","href":"https:\/\/api.w.org\/{rel}","templated":true}]}}