{"id":1642,"date":"2019-11-11T12:53:15","date_gmt":"2019-11-11T15:53:15","guid":{"rendered":"https:\/\/isfd816-chu.infd.edu.ar\/sitio\/?p=1642"},"modified":"2020-09-23T19:06:02","modified_gmt":"2020-09-23T22:06:02","slug":"llamado-uc-prof-matematica-4","status":"publish","type":"post","link":"https:\/\/isfd816-chu.infd.edu.ar\/sitio\/llamado-uc-prof-matematica-4\/","title":{"rendered":"Llamado UC (Prof. Matem\u00e1tica)"},"content":{"rendered":"<table border=\"0\" width=\"100%\" cellspacing=\"0\" cellpadding=\"0\" bgcolor=\"#fff\">\n<tbody>\n<tr>\n<td valign=\"center\" bgcolor=\"#fff\" width=\"100%\">llamado UC . profesorado de Matem\u00e1tica<\/td>\n<\/tr>\n<tr>\n<td>\n<div>\n<div>\n<p>La Direcci\u00f3n del Instituto Superior N\u00b0 816 de la ciudad de Rawson hace el 2do llamado abierto y p\u00fablico para la cobertura de las siguientes UC 2019:<\/p>\n<p><strong>Profesorado de Educaci\u00f3n Secundaria en Matem\u00e1tica<\/strong><\/p>\n<ul>\n<li><strong>Resoluci\u00f3n de Problemas Mediados con TIC. 3er a\u00f1o, anual, 3hs c\u00e1tedras. Interino\u00a0<\/strong>Formato: taller. Profesor\/a de Matem\u00e1tica con orientaci\u00f3n o formaci\u00f3n espec\u00edfica en Educaci\u00f3n y TIC.<\/li>\n<li><strong>An\u00e1lisis y dise\u00f1o de Problemas para la Ense\u00f1anza. 4to a\u00f1o, anual, 3hs c\u00e1tedras. Interino\u00a0<\/strong>Formato: taller. Profesor\/a de Matem\u00e1tica.<\/li>\n<\/ul>\n<p>Presentaci\u00f3n en la Secretar\u00eda Administrativa de 19 a 21 hs. el Viernes 15\/11\/2019 inclusive. En sobre cerrado el postulante presentar\u00e1 el Proyecto firmado con un seud\u00f3nimo. En el exterior se colocar\u00e1 seud\u00f3nimo y espacio al cual se presenta, adem\u00e1s, abrochado, un sobre con el seud\u00f3nimo que adentro contendr\u00e1 DNI, Declaraci\u00f3n Jurada actualizada,\u00a0<strong>CV con el formato que figura en la web<\/strong>, certificaci\u00f3n de servicios y documentaci\u00f3n respaldatoria, (los profesores que no son de la casa, presentar originales y copias para poder certificar, de lo contrario no tendr\u00e1 validez). Consultar Dise\u00f1os curriculares, modelos de presentaci\u00f3n de proyecto, de cv y grilla tipo, en la p\u00e1gina web\u00a0<a href=\"http:\/\/isfd816.chu.infd.edu.ar\/\" target=\"_blank\" rel=\"noopener noreferrer\" data-saferedirecturl=\"https:\/\/www.google.com\/url?q=http:\/\/isfd816.chu.infd.edu.ar\/&amp;source=gmail&amp;ust=1573573825278000&amp;usg=AFQjCNEzcMz1ZW_XNYuaCQDRFXgU8Bwvpw\">isfd816.chu.infd.edu.ar<\/a>. Lugar: Secretar\u00eda Administrativa del Instituto sita en Federicci y Vuelta de obligado, Barri\u00f3 San Pablo. Escuela n\u00b0 7705.<\/p>\n<\/div>\n<\/div>\n<\/td>\n<\/tr>\n<\/tbody>\n<\/table>\n","protected":false},"excerpt":{"rendered":"<p>llamado UC . profesorado de Matem\u00e1tica La Direcci\u00f3n del Instituto Superior N\u00b0 816 de la ciudad de Rawson hace el 2do llamado abierto y p\u00fablico para la cobertura de las siguientes UC 2019: Profesorado de Educaci\u00f3n Secundaria en Matem\u00e1tica Resoluci\u00f3n de Problemas Mediados con TIC. 3er a\u00f1o, anual, 3hs c\u00e1tedras. Interino\u00a0Formato: taller. Profesor\/a de Matem\u00e1tica &#8230; <a title=\"Llamado UC (Prof. Matem\u00e1tica)\" class=\"read-more\" href=\"https:\/\/isfd816-chu.infd.edu.ar\/sitio\/llamado-uc-prof-matematica-4\/\" aria-label=\"More on Llamado UC (Prof. Matem\u00e1tica)\">[+]<\/a><\/p>\n","protected":false},"author":1698,"featured_media":1040,"comment_status":"open","ping_status":"open","sticky":false,"template":"","format":"standard","meta":[],"categories":[17,16,39],"tags":[],"acf":[],"_links":{"self":[{"href":"https:\/\/isfd816-chu.infd.edu.ar\/sitio\/wp-json\/wp\/v2\/posts\/1642"}],"collection":[{"href":"https:\/\/isfd816-chu.infd.edu.ar\/sitio\/wp-json\/wp\/v2\/posts"}],"about":[{"href":"https:\/\/isfd816-chu.infd.edu.ar\/sitio\/wp-json\/wp\/v2\/types\/post"}],"author":[{"embeddable":true,"href":"https:\/\/isfd816-chu.infd.edu.ar\/sitio\/wp-json\/wp\/v2\/users\/1698"}],"replies":[{"embeddable":true,"href":"https:\/\/isfd816-chu.infd.edu.ar\/sitio\/wp-json\/wp\/v2\/comments?post=1642"}],"version-history":[{"count":1,"href":"https:\/\/isfd816-chu.infd.edu.ar\/sitio\/wp-json\/wp\/v2\/posts\/1642\/revisions"}],"predecessor-version":[{"id":1643,"href":"https:\/\/isfd816-chu.infd.edu.ar\/sitio\/wp-json\/wp\/v2\/posts\/1642\/revisions\/1643"}],"wp:featuredmedia":[{"embeddable":true,"href":"https:\/\/isfd816-chu.infd.edu.ar\/sitio\/wp-json\/wp\/v2\/media\/1040"}],"wp:attachment":[{"href":"https:\/\/isfd816-chu.infd.edu.ar\/sitio\/wp-json\/wp\/v2\/media?parent=1642"}],"wp:term":[{"taxonomy":"category","embeddable":true,"href":"https:\/\/isfd816-chu.infd.edu.ar\/sitio\/wp-json\/wp\/v2\/categories?post=1642"},{"taxonomy":"post_tag","embeddable":true,"href":"https:\/\/isfd816-chu.infd.edu.ar\/sitio\/wp-json\/wp\/v2\/tags?post=1642"}],"curies":[{"name":"wp","href":"https:\/\/api.w.org\/{rel}","templated":true}]}}