{"id":1652,"date":"2019-11-20T12:37:45","date_gmt":"2019-11-20T15:37:45","guid":{"rendered":"https:\/\/isfd816-chu.infd.edu.ar\/sitio\/?p=1652"},"modified":"2020-09-23T19:06:02","modified_gmt":"2020-09-23T22:06:02","slug":"llamado-uc-prof-economia-2","status":"publish","type":"post","link":"https:\/\/isfd816-chu.infd.edu.ar\/sitio\/llamado-uc-prof-economia-2\/","title":{"rendered":"Llamado UC (Prof. Econom\u00eda)"},"content":{"rendered":"<p><strong><u>Resultados de los concursos de UC de 2do. A\u00f1o de Econom\u00eda<\/u><\/strong><\/p>\n<p><strong>Se convoca a los docentes que resultaron en el primer lugar en el orden de m\u00e9rito a notificarse y a participar posteriormente de una reuni\u00f3n de trabajo,\u00a0\u00a0el d\u00eda Jueves 5\/3 a las 19 30 hs. en la Escuela 7705.<\/strong><\/p>\n<p><strong><u>Sujeto<\/u><\/strong><\/p>\n<p><strong>Orden de m\u00e9rito<\/strong><\/p>\n<p>1\u00b0\u00a0\u00a0Ca\u00f1uelas<\/p>\n<p><strong><u>Dise\u00f1o y gesti\u00f3n de las organizaciones<\/u><\/strong>,\u00a0<strong>Orden de m\u00e9rito<\/strong><\/p>\n<p>1\u00b0\u00a0\u00a0Shaudunur<\/p>\n<p><strong><u>Pr\u00e1ctica Profesional Docente II<\/u><\/strong><\/p>\n<p>1\u00b0\u00a0\u00a0Kangaro.<\/p>\n<p><strong><u>Did\u00e1ctica de las Ciencias Econ\u00f3micas<\/u><\/strong><\/p>\n<p>1\u00b0\u00a0\u00a0Mercado<\/p>\n<p><strong><u>Microeconom\u00eda<\/u><\/strong><\/p>\n<p><strong>Orden de m\u00e9rito<\/strong><\/p>\n<p>|\u00b0 Minsky<\/p>\n<p><strong><u>Educaci\u00f3n Sexual Integral.<\/u><\/strong><\/p>\n<p>Se declara Desierto y se vuelve a llamar.<\/p>\n<p><strong><u>Derecho constitucional y administrativo<\/u><\/strong><\/p>\n<p><strong>Orden de m\u00e9rito<\/strong><\/p>\n<p>1\u00b0 Amparo<\/p>\n<p>&nbsp;<\/p>\n<p><strong>EQUIPO DIRECTIVO<\/strong><\/p>\n<p>&nbsp;<\/p>\n<p>&nbsp;<\/p>\n<p>&nbsp;<\/p>\n<p>La direcci\u00f3n del instituto Superior N\u00b0 816 de la ciudad de Rawson hace el llamado abierto y p\u00fablico para la cobertura de las siguientes UC 2020:<\/p>\n<p><strong>PROFESORADO DE EDUCACI\u00d3N SECUNDARIA EN ECONOM\u00cdA<\/strong><\/p>\n<p><strong>2do a\u00f1o.<\/strong><\/p>\n<p><strong>Historia y Pol\u00edtica de la Educaci\u00f3n Argentina<\/strong>, Asignatura, \u00a0Anual,\u00a0 4 hs. c\u00e1tedra, (3hs. frente a estudiantes y 1h en trabajo de proyecto de gesti\u00f3n institucional), Perfil docente: Profesor\/a o Licenciado\/a en Ciencias de la Educaci\u00f3n, con orientaci\u00f3n y\/o experiencia en el \u00e1rea de\u00a0 la Historia de\u00a0 la Educaci\u00f3n y\/o Pol\u00edtica Educativa. Profesor\/a de Historia, que acredite formaci\u00f3n continua en el \u00e1rea de la Historia de la Educaci\u00f3n y\/o Pol\u00edtica Educativa.<\/p>\n<p><strong>Educaci\u00f3n Sexual Integral<\/strong>, \u00a0Taller, anual, \u00a04 hs. c\u00e1tedra, (3hs. frente a estudiantes y 1h. en trabajo de proyecto de gesti\u00f3n institucional) Perfil docente: Se debe conformar una pareja pedag\u00f3gica; con un\/a profesional, preferentemente con t\u00edtulo docente, que cuente con formaci\u00f3n y\/o experiencia en Educaci\u00f3n Sexual Integral; y un\/a docente de\u00a0 la\u00a0 disciplina\u00a0 o\u00a0 \u00e1rea\u00a0 de\u00a0 la\u00a0 carrera\u00a0 que\u00a0 preferentemente\u00a0 cuente\u00a0 con\u00a0 formaci\u00f3n y\/o\u00a0 experiencia\u00a0 en Educaci\u00f3n Sexual Integral y en la ense\u00f1anza para la Escuela Secundaria.<\/p>\n<p><strong>Microeconom\u00eda<\/strong>, Asignatura Anual 4 hs. c\u00e1tedra, (3hs. frente a estudiantes y 1h en trabajo de proyecto de gesti\u00f3n institucional), Perfil docente:\u00a0 Profesor\/a en Ciencias Econ\u00f3micas. Profesor\/a de Econom\u00eda. Licenciado\/a en Econom\u00eda. Licenciado\/a en Administraci\u00f3n.<\/p>\n<p><strong>Dise\u00f1o y Gesti\u00f3n de las Organizaciones<\/strong>, Asignatura, \u00a0Anual, 4 hs. c\u00e1tedra, (3hs. frente a estudiantes y 1h. en trabajo de proyecto de gesti\u00f3n institucional) Perfil docente: Licenciado\/a en Administraci\u00f3n o profesional\u00a0 formado\/a en Ciencias Econ\u00f3micas con orientaci\u00f3n y\/o especializaci\u00f3n en Administraci\u00f3n. Se sugiere priorizar el conocimiento y la experiencia en el Nivel Secundario<\/p>\n<p><strong>Sistemas de Informaci\u00f3n Contable II<\/strong>, Asignatura, Anual, 4 hs. c\u00e1tedra, (3hs. frente a estudiantes y 1h en trabajo de proyecto de gesti\u00f3n institucional), Perfil docente:\u00a0 Profesor\/a en Ciencias Econ\u00f3micas. Profesor\/a en Econom\u00eda. Licenciado\/a en Administraci\u00f3n. Licenciado\/a en Econom\u00eda.<\/p>\n<p><strong>Derecho Constitucional y Administrativo<\/strong>, Asignatura,Anual, 4 hs. c\u00e1tedra, (3hs. frente a estudiantes y 1h. en trabajo de proyecto de gesti\u00f3n institucional) Perfil docente: Profesor\/a en Ciencias Jur\u00eddicas o Abogado\/a. Se sugiere priorizar el conocimiento y la experiencia en el Nivel Secundario.<\/p>\n<p><strong>Did\u00e1ctica de las Ciencias Econ\u00f3micas I<\/strong>, Asignatura, Anual 4 hs. c\u00e1tedra, (3hs. frente a estudiantes y 1 h. en trabajo de proyecto de gesti\u00f3n institucional) Perfil docente:\u00a0 Se\u00a0 debe\u00a0 conformar\u00a0 una\u00a0 pareja\u00a0 pedag\u00f3gica\u00a0 con\u00a0 un\/a\u00a0 profesor\/a\u00a0 de\u00a0 Econom\u00eda\u00a0 con experiencia en la ense\u00f1anza en la Escuela Secundaria; y un\/a profesional en Ciencias de la Educaci\u00f3n, o profesor\/a que acredite postitulaci\u00f3n en Did\u00e1ctica de las Ciencias Econ\u00f3micas.<\/p>\n<p><strong>Sujetos del Aprendizaje<\/strong>, Asignatura 5 hs. c\u00e1tedra, (4hs. frente a estudiantes y 1 en trabajo de proyecto de gesti\u00f3n institucional) Perfil docente: Un\/a profesional con\u00a0 formaci\u00f3n espec\u00edfica en Psicopedagog\u00eda, Psicolog\u00eda\u00a0 y\/o Ciencias de\u00a0 la Educaci\u00f3n con orientaci\u00f3n en psicolog\u00eda o psicopedagog\u00eda; que cuente con experiencia laboral en el Nivel Secundario.<\/p>\n<p><strong>Pr\u00e1ctica Profesional Docente II<\/strong>, \u00a0Anual, Distribuci\u00f3n de la carga horaria: 7 hs. (6 hs. frente a estudiantes y 1 h. en trabajo de proyecto de gesti\u00f3n institucional). El 40% de esta carga horaria corresponde a actividades formativas en las escuelas asociadas Perfil docente: Se debe conformar una pareja pedag\u00f3gica con un\/a profesor\/a de la disciplina, y un\/a profesor\/a o licenciado\/a en Ciencias de la Educaci\u00f3n. En ambos casos se debe priorizar la experiencia en el Nivel Secundario.<\/p>\n<p>Presentaci\u00f3n en la Secretar\u00eda Administrativa de <strong>19 a 21 hs. el martes 26\/11\/2019<\/strong>. En sobre cerrado el postulante presentar\u00e1 el Proyecto firmado con un seud\u00f3nimo. En el exterior se colocar\u00e1 seud\u00f3nimo y espacio al cual se presenta, adem\u00e1s, abrochado, un sobre con el seud\u00f3nimo que adentro contendr\u00e1 DNI, Declaraci\u00f3n Jurada actualizada,\u00a0<strong>CV con el formato que figura en la web<\/strong>, certificaci\u00f3n de servicios y documentaci\u00f3n respaldatoria, (los profesores que no son de la casa, presentar originales y copias para poder certificar, de lo contrario no tendr\u00e1 validez).<\/p>\n<p>Consultar Dise\u00f1os curriculares, modelos de presentaci\u00f3n de proyecto, de cv y grilla tipo, en la p\u00e1gina web\u00a0<a href=\"http:\/\/isfd816.chu.infd.edu.ar\/\">isfd816.chu.infd.edu.ar<\/a>. Lugar: Secretar\u00eda Administrativa del Instituto sita en Federicci y Vuelta de obligado, Barri\u00f3 San Pablo. Escuela N\u00b0 7705.<\/p>\n<p><strong>\u00a0<\/strong><\/p>\n<p><strong>\u00a0<\/strong><\/p>\n","protected":false},"excerpt":{"rendered":"<p>Resultados de los concursos de UC de 2do. A\u00f1o de Econom\u00eda Se convoca a los docentes que resultaron en el primer lugar en el orden de m\u00e9rito a notificarse y a participar posteriormente de una reuni\u00f3n de trabajo,\u00a0\u00a0el d\u00eda Jueves 5\/3 a las 19 30 hs. en la Escuela 7705. Sujeto Orden de m\u00e9rito 1\u00b0\u00a0\u00a0Ca\u00f1uelas &#8230; <a title=\"Llamado UC (Prof. Econom\u00eda)\" class=\"read-more\" href=\"https:\/\/isfd816-chu.infd.edu.ar\/sitio\/llamado-uc-prof-economia-2\/\" aria-label=\"More on Llamado UC (Prof. Econom\u00eda)\">[+]<\/a><\/p>\n","protected":false},"author":1698,"featured_media":1040,"comment_status":"open","ping_status":"open","sticky":false,"template":"","format":"standard","meta":[],"categories":[17,16,39],"tags":[],"acf":[],"_links":{"self":[{"href":"https:\/\/isfd816-chu.infd.edu.ar\/sitio\/wp-json\/wp\/v2\/posts\/1652"}],"collection":[{"href":"https:\/\/isfd816-chu.infd.edu.ar\/sitio\/wp-json\/wp\/v2\/posts"}],"about":[{"href":"https:\/\/isfd816-chu.infd.edu.ar\/sitio\/wp-json\/wp\/v2\/types\/post"}],"author":[{"embeddable":true,"href":"https:\/\/isfd816-chu.infd.edu.ar\/sitio\/wp-json\/wp\/v2\/users\/1698"}],"replies":[{"embeddable":true,"href":"https:\/\/isfd816-chu.infd.edu.ar\/sitio\/wp-json\/wp\/v2\/comments?post=1652"}],"version-history":[{"count":3,"href":"https:\/\/isfd816-chu.infd.edu.ar\/sitio\/wp-json\/wp\/v2\/posts\/1652\/revisions"}],"predecessor-version":[{"id":1698,"href":"https:\/\/isfd816-chu.infd.edu.ar\/sitio\/wp-json\/wp\/v2\/posts\/1652\/revisions\/1698"}],"wp:featuredmedia":[{"embeddable":true,"href":"https:\/\/isfd816-chu.infd.edu.ar\/sitio\/wp-json\/wp\/v2\/media\/1040"}],"wp:attachment":[{"href":"https:\/\/isfd816-chu.infd.edu.ar\/sitio\/wp-json\/wp\/v2\/media?parent=1652"}],"wp:term":[{"taxonomy":"category","embeddable":true,"href":"https:\/\/isfd816-chu.infd.edu.ar\/sitio\/wp-json\/wp\/v2\/categories?post=1652"},{"taxonomy":"post_tag","embeddable":true,"href":"https:\/\/isfd816-chu.infd.edu.ar\/sitio\/wp-json\/wp\/v2\/tags?post=1652"}],"curies":[{"name":"wp","href":"https:\/\/api.w.org\/{rel}","templated":true}]}}