{"id":1703,"date":"2020-03-02T22:36:51","date_gmt":"2020-03-03T01:36:51","guid":{"rendered":"https:\/\/isfd816-chu.infd.edu.ar\/sitio\/?p=1703"},"modified":"2020-09-23T19:06:01","modified_gmt":"2020-09-23T22:06:01","slug":"llamado-uc-tec-entrenam-dep-y-adm-publica","status":"publish","type":"post","link":"https:\/\/isfd816-chu.infd.edu.ar\/sitio\/llamado-uc-tec-entrenam-dep-y-adm-publica\/","title":{"rendered":"Llamado UC (Tec. Entrenam. Dep. Y Adm. P\u00fablica)"},"content":{"rendered":"<p style=\"font-weight: 400;\">La Direcci\u00f3n del Instituto Superior N\u00b0 816 de la ciudad de Rawson hace el llamado abierto y p\u00fablico para la cobertura de las siguientes UC 2020:<\/p>\n<p style=\"font-weight: 400;\"><strong>TECNICATURA SUPERIOR EN ENTRENAMIENTO DEPORTIVO<\/strong><\/p>\n<p style=\"font-weight: 400;\">2\u00baa\u00f1o<\/p>\n<p style=\"font-weight: 400;\"><strong>Pr\u00e1ctica de la Especializaci\u00f3n<\/strong>, Pr\u00e1ctica, anual, 6 hs. c\u00e1tedras, Perfil docente: Profesor\/a de Educaci\u00f3n F\u00edsica y\/o Lic. en Educaci\u00f3n F\u00edsica con experiencia en el entrenamiento deportivo.<\/p>\n<p style=\"font-weight: 400;\">\n<p style=\"font-weight: 400;\"><strong>TECNICATURA SUPERIOR EN ADMINISTRACI\u00d3N P\u00daBLICA ORIENTADA AL DESARROLLO LOCAL<\/strong><\/p>\n<p style=\"font-weight: 400;\"><strong>2do a\u00f1o.<\/strong><\/p>\n<p style=\"font-weight: 400;\">Espacio de Definici\u00f3n Institucional II: Desarrollo Local, Territorial y Econom\u00eda Social. Anual, Taller, 4 hs. c\u00e1tedra. Perfil docente: un graduado de educaci\u00f3n superior con formaci\u00f3n en el tema y experiencia profesional en el mismo.<\/p>\n<p style=\"font-weight: 400;\"><u>Contenidos m\u00ednimos<\/u>: desarrollo sustentable y sostenible. Multidimensionalidad e integralidad del desarrollo. Desarrollo regional y cadenas de valor. Distritos industriales, clusters y sistemas productivos locales. El enfoque del desarrollo end\u00f3geno.<\/p>\n<p style=\"font-weight: 400;\">Recursos naturales y desarrollo territorial. Infraestructura y competitividad regional. Capacidades institucionales e innovaci\u00f3n en la gesti\u00f3n local. El asociativismo intermunicipal y la construcci\u00f3n de micro-regiones.<\/p>\n<p style=\"font-weight: 400;\">Econom\u00eda social y solidaria, asociativismo y pol\u00edticas p\u00fablicas. Econom\u00eda social y solidaria y modelo de desarrollo. Estudio de casos y an\u00e1lisis de experiencias.<\/p>\n<p style=\"font-weight: 400;\"><u>Bibliograf\u00eda Sugerida:<\/u><\/p>\n<p style=\"font-weight: 400;\">AGH\u00d3N, G; ALBURQUERQUE, F; CORT\u00c9S, P (2001): Desarrollo econ\u00f3mico local y descentralizaci\u00f3n en Am\u00e9rica Latina: un an\u00e1lisis comparativo, CEPAL\/GTZ, Santiago de Chile.<\/p>\n<p style=\"font-weight: 400;\">CORAGGIO, JOS\u00c9 LUIS, 2004, \u201cEconom\u00eda del Trabajo: una alternativa racional a la incertidumbre\u201d, en J. L. Coraggio, De la Emergencia a la Estrategia. M\u00e1s all\u00e1 del \u201calivio a la pobreza\u201d, Espacio Editorial, Buenos Aires.<\/p>\n<p style=\"font-weight: 400;\">CUNCA BOCAYUVA, PEDRO, 2007, \u201cEconom\u00eda solidaria y la nueva centralidad del trabajo asociado\u201d, en J. L. Coraggio, compilador, La econom\u00eda social desde la periferia. Contribuciones latinoamericanas, UNGS\/ALTAMIRA, Buenos Aires.<\/p>\n<p style=\"font-weight: 400;\">OLAZAR\u00c1N, M Y G\u00d3MEZ URANGA, M (editores): Sistemas Regionales de Innovaci\u00f3n, Universidad del Pa\u00eds Vasco, Bilbao, 2001.<\/p>\n<p style=\"font-weight: 400;\">RODR\u00cdGUEZ GUTI\u00c9RREZ, F. (ed.) (1999): Manual de Desarrollo Local. Trea, Gij\u00f3n, Asturias.<\/p>\n<p style=\"font-weight: 400;\">V\u00c1ZQUEZ BARQUERO, A. (1999). Desarrollo, Redes e Innovaci\u00f3n: Lecciones sobre Desarrollo End\u00f3geno. Madrid: Ediciones Pir\u00e1mide.<\/p>\n<p style=\"font-weight: 400;\">\n<p style=\"font-weight: 400;\">En sobre cerrado el postulante presentar\u00e1 el Proyecto firmado con un seud\u00f3nimo. En el exterior se colocar\u00e1 seud\u00f3nimo y espacio al cual se presenta, adem\u00e1s, abrochado, un sobre con el seud\u00f3nimo que adentro contendr\u00e1 DNI, Declaraci\u00f3n Jurada de cargos actualizada, CV con el formato que figura en la web, certificaci\u00f3n de servicios y documentaci\u00f3n respaldatoria, (los profesores que no son de la casa, presentar originales y copias para poder certificar, de lo contrario no tendr\u00e1 validez)<\/p>\n<p style=\"font-weight: 400;\">Presentaci\u00f3n el lunes 09\/03\/2020 de 19 a 21 hs. en la Secretar\u00eda Administrativa del Instituto sita en Federicci y Vuelta de obligado, Barrio San Pablo. Escuela N\u00b0 7705. Consultar Dise\u00f1os curriculares, modelos de presentaci\u00f3n de proyecto, de cv y grilla tipo, en la p\u00e1gina web\u00a0<a href=\"http:\/\/isfd816.chu.infd.edu.ar\/\" data-saferedirecturl=\"https:\/\/www.google.com\/url?q=http:\/\/isfd816.chu.infd.edu.ar&amp;source=gmail&amp;ust=1583254978543000&amp;usg=AFQjCNEU76l-05C19vfWi1DOD8O9a1GWCQ\">isfd816.chu.infd.edu.ar<\/a>.<\/p>\n<blockquote>\n<p style=\"font-weight: 400;\">\n<\/blockquote>\n","protected":false},"excerpt":{"rendered":"<p>La Direcci\u00f3n del Instituto Superior N\u00b0 816 de la ciudad de Rawson hace el llamado abierto y p\u00fablico para la cobertura de las siguientes UC 2020: TECNICATURA SUPERIOR EN ENTRENAMIENTO DEPORTIVO 2\u00baa\u00f1o Pr\u00e1ctica de la Especializaci\u00f3n, Pr\u00e1ctica, anual, 6 hs. c\u00e1tedras, Perfil docente: Profesor\/a de Educaci\u00f3n F\u00edsica y\/o Lic. en Educaci\u00f3n F\u00edsica con experiencia en &#8230; <a title=\"Llamado UC (Tec. Entrenam. Dep. Y Adm. P\u00fablica)\" class=\"read-more\" href=\"https:\/\/isfd816-chu.infd.edu.ar\/sitio\/llamado-uc-tec-entrenam-dep-y-adm-publica\/\" aria-label=\"More on Llamado UC (Tec. Entrenam. Dep. Y Adm. P\u00fablica)\">[+]<\/a><\/p>\n","protected":false},"author":1698,"featured_media":1058,"comment_status":"open","ping_status":"open","sticky":false,"template":"","format":"standard","meta":[],"categories":[17,16,39],"tags":[9],"acf":[],"_links":{"self":[{"href":"https:\/\/isfd816-chu.infd.edu.ar\/sitio\/wp-json\/wp\/v2\/posts\/1703"}],"collection":[{"href":"https:\/\/isfd816-chu.infd.edu.ar\/sitio\/wp-json\/wp\/v2\/posts"}],"about":[{"href":"https:\/\/isfd816-chu.infd.edu.ar\/sitio\/wp-json\/wp\/v2\/types\/post"}],"author":[{"embeddable":true,"href":"https:\/\/isfd816-chu.infd.edu.ar\/sitio\/wp-json\/wp\/v2\/users\/1698"}],"replies":[{"embeddable":true,"href":"https:\/\/isfd816-chu.infd.edu.ar\/sitio\/wp-json\/wp\/v2\/comments?post=1703"}],"version-history":[{"count":1,"href":"https:\/\/isfd816-chu.infd.edu.ar\/sitio\/wp-json\/wp\/v2\/posts\/1703\/revisions"}],"predecessor-version":[{"id":1704,"href":"https:\/\/isfd816-chu.infd.edu.ar\/sitio\/wp-json\/wp\/v2\/posts\/1703\/revisions\/1704"}],"wp:featuredmedia":[{"embeddable":true,"href":"https:\/\/isfd816-chu.infd.edu.ar\/sitio\/wp-json\/wp\/v2\/media\/1058"}],"wp:attachment":[{"href":"https:\/\/isfd816-chu.infd.edu.ar\/sitio\/wp-json\/wp\/v2\/media?parent=1703"}],"wp:term":[{"taxonomy":"category","embeddable":true,"href":"https:\/\/isfd816-chu.infd.edu.ar\/sitio\/wp-json\/wp\/v2\/categories?post=1703"},{"taxonomy":"post_tag","embeddable":true,"href":"https:\/\/isfd816-chu.infd.edu.ar\/sitio\/wp-json\/wp\/v2\/tags?post=1703"}],"curies":[{"name":"wp","href":"https:\/\/api.w.org\/{rel}","templated":true}]}}