{"id":1710,"date":"2020-03-12T13:26:15","date_gmt":"2020-03-12T16:26:15","guid":{"rendered":"https:\/\/isfd816-chu.infd.edu.ar\/sitio\/?p=1710"},"modified":"2020-09-23T19:06:01","modified_gmt":"2020-09-23T22:06:01","slug":"llamado-uc-prof-educ-especial","status":"publish","type":"post","link":"https:\/\/isfd816-chu.infd.edu.ar\/sitio\/llamado-uc-prof-educ-especial\/","title":{"rendered":"Llamado UC (Prof. Educ. Especial)"},"content":{"rendered":"<p><strong>La Direcci\u00f3n del Instituto Superior N\u00b0 816 de la ciudad de Rawson hace el llamado abierto y p\u00fablico para la cobertura de las siguientes UC 2020:<\/strong><\/p>\n<p><strong>Profesorado de Educaci\u00f3n Especial con orientaci\u00f3n en Discapacidad Intelectual (DC 017)<\/strong><\/p>\n<p><strong>3 A\u00f1o.<\/strong><\/p>\n<p><strong>SUJETO DE LA EDUCACI\u00d3N ESPECIAL,\u00a0<\/strong>Seminario, Cuatrimestral, 6 hrs c\u00e1tedra frente a estudiantes y 1 h. proyecto de gesti\u00f3n institucional.\u00a0Perfil: profesional con <em><strong>formaci\u00f3n especifica en psicolog\u00eda \/ psicopedagog\u00eda y\/ o Cs de la Educaci\u00f3n<\/strong><\/em> con orientaci\u00f3n y experiencia en psicolog\u00eda.<\/p>\n<p><strong>PROBLEM\u00c1TICA DEL DESARROLLO,\u00a0<\/strong>Anual, Seminario, 4 hrs c\u00e1tedra frente a estudiantes y1 h. proyecto de gesti\u00f3n institucional, Perfil docente: Se debe conformar una pareja pedag\u00f3gica, con un\/a profesor\/a de Educaci\u00f3n Especial; y un\/a profesional con <em><strong>formaci\u00f3n espec\u00edfica en Psicolog\u00eda, Psicopedagog\u00eda y\/o en Ciencias de la Educaci\u00f3n<\/strong><\/em>, con orientaci\u00f3n y experiencia en el \u00e1rea de la psicolog\u00eda<\/p>\n<p><strong>SOCIOLOGIA<\/strong>\u00a0 ASIGNATURA, Cuatrimestral, 4 hrs c\u00e1tedra y 1h gesti\u00f3n institucional , Perfil : formaci\u00f3n espec\u00edfica en SOCIOLOGIA con experiencia en orientaci\u00f3n\u00a0 en el \u00e1rea de la educaci\u00f3n Formaci\u00f3n en Cs de la Educaci\u00f3n con orientaci\u00f3n y experiencia en el \u00e1rea de la sociolog\u00eda de la educaci\u00f3n.<\/p>\n<p><strong>Unidad de Definici\u00f3n Institucional,\u00a0<\/strong>cuatrimestral,<strong>\u00a0<\/strong>4 hrs, (3 hs. frente a estudiantes y 1 hora proyecto de gesti\u00f3n institucional). Taller. Tem\u00e1tica INCLUSI\u00d3N. Contenidos prioritarios: \u00a0TGD , TEA,\u00a0PPI , resoluci\u00f3n 311\/15, Ficha de demanda, Derivaci\u00f3n a los equipos. Juego y did\u00e1cticas para \u00e1reas.\u00a0<em><strong>Perfil: Psicomotricista.<\/strong><\/em><\/p>\n<p>&nbsp;<\/p>\n<p>Presentaci\u00f3n en la Secretar\u00eda Administrativa de 19 a 21 hs. el Martes 17\/3\/2020. En sobre cerrado el postulante presentar\u00e1 el Proyecto firmado con un seud\u00f3nimo. En el exterior se colocar\u00e1 seud\u00f3nimo y espacio al cual se presenta, adem\u00e1s, abrochado, un sobre con el seud\u00f3nimo que adentro contendr\u00e1 DNI, Declaraci\u00f3n Jurada actualizada,\u00a0<strong>CV con el formato que figura en la web<\/strong>, certificaci\u00f3n de servicios y documentaci\u00f3n respaldatoria, (los profesores que no son de la casa, presentar originales y copias para poder certificar, de lo contrario no tendr\u00e1 validez).<\/p>\n<p>Consultar Dise\u00f1os curriculares, modelos de presentaci\u00f3n de proyecto, de cv y grilla tipo, en la p\u00e1gina web\u00a0<a href=\"http:\/\/isfd816.chu.infd.edu.ar\/\" data-saferedirecturl=\"https:\/\/www.google.com\/url?q=http:\/\/isfd816.chu.infd.edu.ar\/&amp;source=gmail&amp;ust=1584116025599000&amp;usg=AFQjCNG1Lye4C5lmcZSnhplHbLVJBJ2_WA\">isfd816.chu.infd.edu.ar<\/a>. Lugar: Secretar\u00eda Administrativa del Instituto sita en Federicci y Vuelta de obligado, Barri\u00f3 San Pablo. Escuela N\u00b0 7705.<\/p>\n<p><strong>\u00a0<\/strong><\/p>\n<p><strong>\u00a0<\/strong><\/p>\n","protected":false},"excerpt":{"rendered":"<p>La Direcci\u00f3n del Instituto Superior N\u00b0 816 de la ciudad de Rawson hace el llamado abierto y p\u00fablico para la cobertura de las siguientes UC 2020: Profesorado de Educaci\u00f3n Especial con orientaci\u00f3n en Discapacidad Intelectual (DC 017) 3 A\u00f1o. SUJETO DE LA EDUCACI\u00d3N ESPECIAL,\u00a0Seminario, Cuatrimestral, 6 hrs c\u00e1tedra frente a estudiantes y 1 h. proyecto &#8230; <a title=\"Llamado UC (Prof. Educ. Especial)\" class=\"read-more\" href=\"https:\/\/isfd816-chu.infd.edu.ar\/sitio\/llamado-uc-prof-educ-especial\/\" aria-label=\"More on Llamado UC (Prof. Educ. Especial)\">[+]<\/a><\/p>\n","protected":false},"author":1698,"featured_media":1038,"comment_status":"open","ping_status":"open","sticky":false,"template":"","format":"standard","meta":[],"categories":[17,39],"tags":[],"acf":[],"_links":{"self":[{"href":"https:\/\/isfd816-chu.infd.edu.ar\/sitio\/wp-json\/wp\/v2\/posts\/1710"}],"collection":[{"href":"https:\/\/isfd816-chu.infd.edu.ar\/sitio\/wp-json\/wp\/v2\/posts"}],"about":[{"href":"https:\/\/isfd816-chu.infd.edu.ar\/sitio\/wp-json\/wp\/v2\/types\/post"}],"author":[{"embeddable":true,"href":"https:\/\/isfd816-chu.infd.edu.ar\/sitio\/wp-json\/wp\/v2\/users\/1698"}],"replies":[{"embeddable":true,"href":"https:\/\/isfd816-chu.infd.edu.ar\/sitio\/wp-json\/wp\/v2\/comments?post=1710"}],"version-history":[{"count":1,"href":"https:\/\/isfd816-chu.infd.edu.ar\/sitio\/wp-json\/wp\/v2\/posts\/1710\/revisions"}],"predecessor-version":[{"id":1711,"href":"https:\/\/isfd816-chu.infd.edu.ar\/sitio\/wp-json\/wp\/v2\/posts\/1710\/revisions\/1711"}],"wp:featuredmedia":[{"embeddable":true,"href":"https:\/\/isfd816-chu.infd.edu.ar\/sitio\/wp-json\/wp\/v2\/media\/1038"}],"wp:attachment":[{"href":"https:\/\/isfd816-chu.infd.edu.ar\/sitio\/wp-json\/wp\/v2\/media?parent=1710"}],"wp:term":[{"taxonomy":"category","embeddable":true,"href":"https:\/\/isfd816-chu.infd.edu.ar\/sitio\/wp-json\/wp\/v2\/categories?post=1710"},{"taxonomy":"post_tag","embeddable":true,"href":"https:\/\/isfd816-chu.infd.edu.ar\/sitio\/wp-json\/wp\/v2\/tags?post=1710"}],"curies":[{"name":"wp","href":"https:\/\/api.w.org\/{rel}","templated":true}]}}