{"id":1736,"date":"2020-03-19T23:11:05","date_gmt":"2020-03-20T02:11:05","guid":{"rendered":"https:\/\/isfd816-chu.infd.edu.ar\/sitio\/?p=1736"},"modified":"2020-09-23T19:06:01","modified_gmt":"2020-09-23T22:06:01","slug":"instituto-permanecera-cerrado-hasta-nuevo-aviso","status":"publish","type":"post","link":"https:\/\/isfd816-chu.infd.edu.ar\/sitio\/instituto-permanecera-cerrado-hasta-nuevo-aviso\/","title":{"rendered":"Instituto permanecer\u00e1 cerrado HASTA NUEVO AVISO"},"content":{"rendered":"<p>Estimada Comunidad del IES 816, atento a lo informado por el Ministerio de Educaci\u00f3n, a partir de las recomendaciones del Ministerio de Salud y Seguridad de la Provincia de Chubut, el Instituto permanecer\u00e1 cerrado HASTA NUEVO AVISO. El Equipo de Gesti\u00f3n (Equipo Directivo y Coordinadores), realizaremos S\u00d3LO guardias pasivas. Cualquier inquietud, comunicarse por email al ies816rw@gmail.com. Se continuar\u00e1 trabajando con los estudiantes a trav\u00e9s de la virtualidad, como venimos haciendo hasta ahora.<\/p>\n<p>\u00a1Cu\u00eddense todos! #SomosResponsables.<\/p>\n<p>\u00a1AL VIRUS LO FRENAMOS ENTRE TODOS!<br \/>\nEQUIPO DIRECTIVO<\/p>\n","protected":false},"excerpt":{"rendered":"<p>Estimada Comunidad del IES 816, atento a lo informado por el Ministerio de Educaci\u00f3n, a partir de las recomendaciones del Ministerio de Salud y Seguridad de la Provincia de Chubut, el Instituto permanecer\u00e1 cerrado HASTA NUEVO AVISO. El Equipo de Gesti\u00f3n (Equipo Directivo y Coordinadores), realizaremos S\u00d3LO guardias pasivas. Cualquier inquietud, comunicarse por email al &#8230; <a title=\"Instituto permanecer\u00e1 cerrado HASTA NUEVO AVISO\" class=\"read-more\" href=\"https:\/\/isfd816-chu.infd.edu.ar\/sitio\/instituto-permanecera-cerrado-hasta-nuevo-aviso\/\" aria-label=\"More on Instituto permanecer\u00e1 cerrado HASTA NUEVO AVISO\">[+]<\/a><\/p>\n","protected":false},"author":1698,"featured_media":1714,"comment_status":"open","ping_status":"open","sticky":false,"template":"","format":"standard","meta":[],"categories":[39],"tags":[],"acf":[],"_links":{"self":[{"href":"https:\/\/isfd816-chu.infd.edu.ar\/sitio\/wp-json\/wp\/v2\/posts\/1736"}],"collection":[{"href":"https:\/\/isfd816-chu.infd.edu.ar\/sitio\/wp-json\/wp\/v2\/posts"}],"about":[{"href":"https:\/\/isfd816-chu.infd.edu.ar\/sitio\/wp-json\/wp\/v2\/types\/post"}],"author":[{"embeddable":true,"href":"https:\/\/isfd816-chu.infd.edu.ar\/sitio\/wp-json\/wp\/v2\/users\/1698"}],"replies":[{"embeddable":true,"href":"https:\/\/isfd816-chu.infd.edu.ar\/sitio\/wp-json\/wp\/v2\/comments?post=1736"}],"version-history":[{"count":4,"href":"https:\/\/isfd816-chu.infd.edu.ar\/sitio\/wp-json\/wp\/v2\/posts\/1736\/revisions"}],"predecessor-version":[{"id":1745,"href":"https:\/\/isfd816-chu.infd.edu.ar\/sitio\/wp-json\/wp\/v2\/posts\/1736\/revisions\/1745"}],"wp:featuredmedia":[{"embeddable":true,"href":"https:\/\/isfd816-chu.infd.edu.ar\/sitio\/wp-json\/wp\/v2\/media\/1714"}],"wp:attachment":[{"href":"https:\/\/isfd816-chu.infd.edu.ar\/sitio\/wp-json\/wp\/v2\/media?parent=1736"}],"wp:term":[{"taxonomy":"category","embeddable":true,"href":"https:\/\/isfd816-chu.infd.edu.ar\/sitio\/wp-json\/wp\/v2\/categories?post=1736"},{"taxonomy":"post_tag","embeddable":true,"href":"https:\/\/isfd816-chu.infd.edu.ar\/sitio\/wp-json\/wp\/v2\/tags?post=1736"}],"curies":[{"name":"wp","href":"https:\/\/api.w.org\/{rel}","templated":true}]}}