{"id":1768,"date":"2020-04-28T01:00:13","date_gmt":"2020-04-28T04:00:13","guid":{"rendered":"https:\/\/isfd816-chu.infd.edu.ar\/sitio\/?p=1768"},"modified":"2020-04-28T01:00:13","modified_gmt":"2020-04-28T04:00:13","slug":"llamado-uc-prof-tecnologia-y-matematica","status":"publish","type":"post","link":"https:\/\/isfd816-chu.infd.edu.ar\/sitio\/llamado-uc-prof-tecnologia-y-matematica\/","title":{"rendered":"Llamado UC (Prof. Tecnolog\u00eda y Matem\u00e1tica)"},"content":{"rendered":"<p style=\"font-weight: 400;\">La Direcci\u00f3n del Instituto Superior N\u00b0 816 de la ciudad de Rawson hace el llamado abierto y p\u00fablico para la cobertura de las siguientes Unidades Curriculares (UC) 2020:<\/p>\n<p style=\"font-weight: 400;\"><strong><u>Profesorado de Educaci\u00f3n Secundaria en Matem\u00e1tica<\/u><\/strong><\/p>\n<p style=\"font-weight: 400;\"><strong>2do a\u00f1o<\/strong><\/p>\n<p style=\"font-weight: 400;\"><strong>An\u00e1lisis Matem\u00e1tico II \u2013\u2013 anual &#8211; 5hs c\u00e1tedras; Formato: Asignatura; Interino.\u00a0<\/strong>Perfil docente: Profesor\/a de Matem\u00e1tica.<\/p>\n<p style=\"font-weight: 400;\"><strong>Pr\u00e1ctica Profesional Docente II \u2013anual &#8211; 6hs c\u00e1tedras; Formato: Practicas Docentes; Interinos.\u00a0<\/strong>Perfil docente: Se debe conformar una pareja pedag\u00f3gica, con un docente de la disciplina que tenga conocimiento y experiencia en el Nivel Secundario; un docente con formaci\u00f3n espec\u00edfica en Pedagog\u00eda, Did\u00e1ctica y\/o Gesti\u00f3n Institucional.<\/p>\n<p style=\"font-weight: 400;\"><strong>4to a\u00f1o<\/strong><\/p>\n<p style=\"font-weight: 400;\"><strong>An\u00e1lisis y Dise\u00f1o de Problemas para la Ense\u00f1anza \u2013\u2013 anual &#8211; 3hs c\u00e1tedras; Formato: Taller; Interino.\u00a0<\/strong>Perfil docente: Profesor\/a de Matem\u00e1tica.<\/p>\n<p style=\"font-weight: 400;\"><strong><u>Profesorado de Educaci\u00f3n Tecnol\u00f3gica<\/u><\/strong><\/p>\n<p style=\"font-weight: 400;\"><strong>4to a\u00f1o<\/strong><\/p>\n<p style=\"font-weight: 400;\"><strong>Unidad de Definici\u00f3n Institucional del CFG &#8211; Taller de Alfabetizaci\u00f3n Audiovisual y Digital<\/strong><strong>\u00a0\u2013\u2013 anual &#8211; 3hs c\u00e1tedras;\u00a0\u00a0Interino.\u00a0<\/strong>Perfil docente: Profesor\/a de artes audiovisuales o artes visuales.<\/p>\n<p style=\"font-weight: 400;\"><strong>Sistemas T\u00e9cnicos, sus conjuntos y redes<\/strong><strong>\u2013 1er cuatrimestre &#8211; 4hs c\u00e1tedras; Formato: Asignatura; Interino.\u00a0<\/strong>Perfil docente: Profesor\/a de Educaci\u00f3n Tecnol\u00f3gicas o Tecnolog\u00edas.<\/p>\n<p style=\"font-weight: 400;\"><strong>Actualizaci\u00f3n en Tecnolog\u00edas<\/strong><strong>\u2013 1er cuatrimestre &#8211; 5hs c\u00e1tedras; Formato: Taller; Interino.\u00a0<\/strong>Perfil docente: Profesor\/a de Educaci\u00f3n Tecnol\u00f3gicas o Tecnolog\u00edas.<\/p>\n<p style=\"font-weight: 400;\">El llamado vence el Jueves 30 de Abril a las 21 hs. El postulante enviar\u00e1 al correo electr\u00f3nico:\u00a0<a href=\"mailto:ies816rw@gmail.com\">ies816rw@gmail.com<\/a>\u00a0la siguiente informaci\u00f3n: 2 archivos PDF, ambos con seud\u00f3nimo, uno con el Proyecto en siguiendo las pautas de presentaci\u00f3n; otro con\u00a0<strong>CV con categor\u00eda declaraci\u00f3n jurada, como figura en la web del isfd816; DNI, Declaraci\u00f3n jurada de cargos, y documentaci\u00f3n respaldatoria de todos los t\u00edtulos y cursos realizados<\/strong>.<\/p>\n<p style=\"font-weight: 400;\">Consultar Dise\u00f1os curriculares, modelos de presentaci\u00f3n de proyecto, de cv y grilla tipo, en la p\u00e1gina web\u00a0<a href=\"http:\/\/isfd816.chu.infd.edu.ar\/\" data-saferedirecturl=\"https:\/\/www.google.com\/url?q=http:\/\/isfd816.chu.infd.edu.ar\/&amp;source=gmail&amp;ust=1588121552583000&amp;usg=AFQjCNFJklNAcvi69BfCr9DlOX8KnHPC-Q\">isfd816.chu.infd.edu.ar<\/a>.<\/p>\n","protected":false},"excerpt":{"rendered":"<p>La Direcci\u00f3n del Instituto Superior N\u00b0 816 de la ciudad de Rawson hace el llamado abierto y p\u00fablico para la cobertura de las siguientes Unidades Curriculares (UC) 2020: Profesorado de Educaci\u00f3n Secundaria en Matem\u00e1tica 2do a\u00f1o An\u00e1lisis Matem\u00e1tico II \u2013\u2013 anual &#8211; 5hs c\u00e1tedras; Formato: Asignatura; Interino.\u00a0Perfil docente: Profesor\/a de Matem\u00e1tica. Pr\u00e1ctica Profesional Docente II &#8230; <a title=\"Llamado UC (Prof. Tecnolog\u00eda y Matem\u00e1tica)\" class=\"read-more\" href=\"https:\/\/isfd816-chu.infd.edu.ar\/sitio\/llamado-uc-prof-tecnologia-y-matematica\/\" aria-label=\"More on Llamado UC (Prof. Tecnolog\u00eda y Matem\u00e1tica)\">[+]<\/a><\/p>\n","protected":false},"author":1698,"featured_media":1037,"comment_status":"open","ping_status":"open","sticky":false,"template":"","format":"standard","meta":[],"categories":[17,16],"tags":[],"acf":[],"_links":{"self":[{"href":"https:\/\/isfd816-chu.infd.edu.ar\/sitio\/wp-json\/wp\/v2\/posts\/1768"}],"collection":[{"href":"https:\/\/isfd816-chu.infd.edu.ar\/sitio\/wp-json\/wp\/v2\/posts"}],"about":[{"href":"https:\/\/isfd816-chu.infd.edu.ar\/sitio\/wp-json\/wp\/v2\/types\/post"}],"author":[{"embeddable":true,"href":"https:\/\/isfd816-chu.infd.edu.ar\/sitio\/wp-json\/wp\/v2\/users\/1698"}],"replies":[{"embeddable":true,"href":"https:\/\/isfd816-chu.infd.edu.ar\/sitio\/wp-json\/wp\/v2\/comments?post=1768"}],"version-history":[{"count":1,"href":"https:\/\/isfd816-chu.infd.edu.ar\/sitio\/wp-json\/wp\/v2\/posts\/1768\/revisions"}],"predecessor-version":[{"id":1769,"href":"https:\/\/isfd816-chu.infd.edu.ar\/sitio\/wp-json\/wp\/v2\/posts\/1768\/revisions\/1769"}],"wp:featuredmedia":[{"embeddable":true,"href":"https:\/\/isfd816-chu.infd.edu.ar\/sitio\/wp-json\/wp\/v2\/media\/1037"}],"wp:attachment":[{"href":"https:\/\/isfd816-chu.infd.edu.ar\/sitio\/wp-json\/wp\/v2\/media?parent=1768"}],"wp:term":[{"taxonomy":"category","embeddable":true,"href":"https:\/\/isfd816-chu.infd.edu.ar\/sitio\/wp-json\/wp\/v2\/categories?post=1768"},{"taxonomy":"post_tag","embeddable":true,"href":"https:\/\/isfd816-chu.infd.edu.ar\/sitio\/wp-json\/wp\/v2\/tags?post=1768"}],"curies":[{"name":"wp","href":"https:\/\/api.w.org\/{rel}","templated":true}]}}