{"id":1776,"date":"2020-05-28T15:23:58","date_gmt":"2020-05-28T18:23:58","guid":{"rendered":"https:\/\/isfd816-chu.infd.edu.ar\/sitio\/?p=1776"},"modified":"2020-05-28T15:23:58","modified_gmt":"2020-05-28T18:23:58","slug":"llamado-uc-prof-educ-tecnol","status":"publish","type":"post","link":"https:\/\/isfd816-chu.infd.edu.ar\/sitio\/llamado-uc-prof-educ-tecnol\/","title":{"rendered":"Llamado UC (Prof. Educ. Tecnol. )"},"content":{"rendered":"<p style=\"font-weight: 400;\">La Direcci\u00f3n del Instituto Superior N\u00b0 816 de la ciudad de Rawson hace el llamado abierto y p\u00fablico para la cobertura de las siguientes UC 2020:<\/p>\n<p style=\"font-weight: 400;\">\n<p style=\"font-weight: 400;\">Profesorado de Educaci\u00f3n Tecnol\u00f3gica<\/p>\n<p style=\"font-weight: 400;\"><strong>1er a\u00f1o<\/strong><\/p>\n<p style=\"font-weight: 400;\"><strong>Estudio sobre Filosof\u00eda de la T\u00e9cnica y la Tecnolog\u00eda<\/strong><\/p>\n<p style=\"font-weight: 400;\"><strong>\u00a0<\/strong>Suplente (adhesi\u00f3n a proyecto), 1er cuatrimestre, asignatura, 5 hs.<\/p>\n<p style=\"font-weight: 400;\">Perfil: profesor u otro profesional con formaci\u00f3n y\/o experiencia en el campo disciplinar de la Filosof\u00eda de la T\u00e9cnica y la Tecnolog\u00eda.<\/p>\n<p style=\"font-weight: 400;\"><strong>4to a\u00f1o<\/strong><\/p>\n<p style=\"font-weight: 400;\"><strong>Pr\u00e1ctica Profesional Docente y Residencia IV.<\/strong><\/p>\n<p style=\"font-weight: 400;\">Interino, Anual, Pr\u00e1ctica Docente, 10 hs.<\/p>\n<p style=\"font-weight: 400;\">Perfil docente: se debe conformar una pareja pedag\u00f3gica con un\/a profesor\/a de Educaci\u00f3n Tecnol\u00f3gica o Tecnolog\u00eda que tenga conocimiento y experiencia en los niveles de la educaci\u00f3n formal; y un docente con formaci\u00f3n espec\u00edfica en Pedagog\u00eda y Did\u00e1ctica.<\/p>\n<p style=\"font-weight: 400;\">\n<p style=\"font-weight: 400;\">El llamado vence\u00a0el <strong>Viernes 29 de Mayo<\/strong> de 2020, a las 21 hs.<\/p>\n<p style=\"font-weight: 400;\">El proyecto y el CV junto a la documentaci\u00f3n se enviar\u00e1n a \u00a0<a href=\"mailto:ies816rw@gmail.com\">ies816rw@gmail.com<\/a>\u00a0en 2 archivos PDF, por separado y con seud\u00f3nimos respectivamente.<\/p>\n<p style=\"font-weight: 400;\">El CV<strong>\u00a0<\/strong><strong>deber\u00e1 presentarse con el formato que figura en la web,\u00a0<u>excluyente<\/u>, en car\u00e1cter de declaraci\u00f3n jurada, junto a foto de DNI,<\/strong><strong>\u00a0<\/strong><strong>documentaci\u00f3n respaldatoria<\/strong><strong>,\u00a0<\/strong>Declaraci\u00f3n Jurada actualizada de cargos.<\/p>\n<p style=\"font-weight: 400;\">Consultar Dise\u00f1os curriculares, modelos de presentaci\u00f3n de proyecto, de cv y grilla tipo, en la p\u00e1gina web\u00a0<a href=\"http:\/\/isfd816.chu.infd.edu.ar\/\" data-saferedirecturl=\"https:\/\/www.google.com\/url?q=http:\/\/isfd816.chu.infd.edu.ar\/&amp;source=gmail&amp;ust=1590769800431000&amp;usg=AFQjCNEBKhsaiJ3Y_WhOP2vSoMUvbu1fjg\">isfd816.chu.infd.edu.ar<\/a>.<\/p>\n<p style=\"font-weight: 400;\">\n","protected":false},"excerpt":{"rendered":"<p>La Direcci\u00f3n del Instituto Superior N\u00b0 816 de la ciudad de Rawson hace el llamado abierto y p\u00fablico para la cobertura de las siguientes UC 2020: Profesorado de Educaci\u00f3n Tecnol\u00f3gica 1er a\u00f1o Estudio sobre Filosof\u00eda de la T\u00e9cnica y la Tecnolog\u00eda \u00a0Suplente (adhesi\u00f3n a proyecto), 1er cuatrimestre, asignatura, 5 hs. Perfil: profesor u otro profesional &#8230; <a title=\"Llamado UC (Prof. Educ. Tecnol. )\" class=\"read-more\" href=\"https:\/\/isfd816-chu.infd.edu.ar\/sitio\/llamado-uc-prof-educ-tecnol\/\" aria-label=\"More on Llamado UC (Prof. Educ. Tecnol. )\">[+]<\/a><\/p>\n","protected":false},"author":1698,"featured_media":1037,"comment_status":"open","ping_status":"open","sticky":false,"template":"","format":"standard","meta":[],"categories":[17],"tags":[],"acf":[],"_links":{"self":[{"href":"https:\/\/isfd816-chu.infd.edu.ar\/sitio\/wp-json\/wp\/v2\/posts\/1776"}],"collection":[{"href":"https:\/\/isfd816-chu.infd.edu.ar\/sitio\/wp-json\/wp\/v2\/posts"}],"about":[{"href":"https:\/\/isfd816-chu.infd.edu.ar\/sitio\/wp-json\/wp\/v2\/types\/post"}],"author":[{"embeddable":true,"href":"https:\/\/isfd816-chu.infd.edu.ar\/sitio\/wp-json\/wp\/v2\/users\/1698"}],"replies":[{"embeddable":true,"href":"https:\/\/isfd816-chu.infd.edu.ar\/sitio\/wp-json\/wp\/v2\/comments?post=1776"}],"version-history":[{"count":1,"href":"https:\/\/isfd816-chu.infd.edu.ar\/sitio\/wp-json\/wp\/v2\/posts\/1776\/revisions"}],"predecessor-version":[{"id":1777,"href":"https:\/\/isfd816-chu.infd.edu.ar\/sitio\/wp-json\/wp\/v2\/posts\/1776\/revisions\/1777"}],"wp:featuredmedia":[{"embeddable":true,"href":"https:\/\/isfd816-chu.infd.edu.ar\/sitio\/wp-json\/wp\/v2\/media\/1037"}],"wp:attachment":[{"href":"https:\/\/isfd816-chu.infd.edu.ar\/sitio\/wp-json\/wp\/v2\/media?parent=1776"}],"wp:term":[{"taxonomy":"category","embeddable":true,"href":"https:\/\/isfd816-chu.infd.edu.ar\/sitio\/wp-json\/wp\/v2\/categories?post=1776"},{"taxonomy":"post_tag","embeddable":true,"href":"https:\/\/isfd816-chu.infd.edu.ar\/sitio\/wp-json\/wp\/v2\/tags?post=1776"}],"curies":[{"name":"wp","href":"https:\/\/api.w.org\/{rel}","templated":true}]}}