{"id":1780,"date":"2020-07-22T15:38:59","date_gmt":"2020-07-22T18:38:59","guid":{"rendered":"https:\/\/isfd816-chu.infd.edu.ar\/sitio\/?p=1780"},"modified":"2020-07-22T15:38:59","modified_gmt":"2020-07-22T18:38:59","slug":"llamado-uc-prof-economia-4","status":"publish","type":"post","link":"https:\/\/isfd816-chu.infd.edu.ar\/sitio\/llamado-uc-prof-economia-4\/","title":{"rendered":"Llamado UC (Prof. Econom\u00eda)"},"content":{"rendered":"<p>La Direcci\u00f3n del Instituto de Educaci\u00f3n Superior n\u00ba 816 de la Ciudad De Rawson, hace el 2do llamado, abierto y p\u00fablico para la cobertura 2do cuatrimestre 2020 de:<\/p>\n<p><strong>Profesorado de Educaci\u00f3n Secundaria en Econom\u00eda<\/strong><\/p>\n<p><strong>2\u00b0 a\u00f1o \u2013 2\u00b0 cuatrimestre<\/strong><\/p>\n<p><strong>Educaci\u00f3n y TIC,\u00a0<\/strong>Taller,\u00a0 Cuatrimestral, 4 hs. c\u00e1tedra, (3hs. c\u00e1tedra frente a estudiantes y 1 hs. de gesti\u00f3n curricular). Perfil docente: Profesor\/a de la disciplina con Especializaci\u00f3n en Educaci\u00f3n y TIC. Se debe priorizar la experiencia en el Nivel Secundario<\/p>\n<p>Horario de cursada: S\u00e1bado de 9 hs. a 10 00 hs<\/p>\n<p>El llamado vence\u00a0el lunes 27 de Julio, a las 18 hs.<\/p>\n<p>El proyecto y el CV junto a la documentaci\u00f3n se enviar\u00e1n a \u00a0<a href=\"mailto:ies816rw@gmail.com\" target=\"_blank\" rel=\"noopener\">ies816rw@gmail.com<\/a>,\u00a0en 2 archivos PDF, por separado y con seud\u00f3nimos respectivamente.<\/p>\n<p>El CV deber\u00e1 presentarse con el formato que figura en la web,\u00a0<strong>excluyente<\/strong>,\u00a0en car\u00e1cter de declaraci\u00f3n jurada, junto a foto de DNI, documentaci\u00f3n respaldatoria,\u00a0Declaraci\u00f3n Jurada actualizada de cargos.<\/p>\n<p>Consultar Dise\u00f1os curriculares, modelos de presentaci\u00f3n de proyecto, de cv y grilla tipo, en la p\u00e1gina web\u00a0<a href=\"http:\/\/isfd816.chu.infd.edu.ar\/\" target=\"_blank\" rel=\"noopener\" data-saferedirecturl=\"https:\/\/www.google.com\/url?q=http:\/\/isfd816.chu.infd.edu.ar\/&amp;source=gmail&amp;ust=1595525623922000&amp;usg=AFQjCNHG_0-nzhWH1NvWRsjFNmWvXJsH2w\">isfd816.chu.infd.edu.ar<\/a><\/p>\n","protected":false},"excerpt":{"rendered":"<p>La Direcci\u00f3n del Instituto de Educaci\u00f3n Superior n\u00ba 816 de la Ciudad De Rawson, hace el 2do llamado, abierto y p\u00fablico para la cobertura 2do cuatrimestre 2020 de: Profesorado de Educaci\u00f3n Secundaria en Econom\u00eda 2\u00b0 a\u00f1o \u2013 2\u00b0 cuatrimestre Educaci\u00f3n y TIC,\u00a0Taller,\u00a0 Cuatrimestral, 4 hs. c\u00e1tedra, (3hs. c\u00e1tedra frente a estudiantes y 1 hs. de &#8230; <a title=\"Llamado UC (Prof. Econom\u00eda)\" class=\"read-more\" href=\"https:\/\/isfd816-chu.infd.edu.ar\/sitio\/llamado-uc-prof-economia-4\/\" aria-label=\"More on Llamado UC (Prof. Econom\u00eda)\">[+]<\/a><\/p>\n","protected":false},"author":9,"featured_media":1040,"comment_status":"closed","ping_status":"open","sticky":false,"template":"","format":"standard","meta":[],"categories":[17,16],"tags":[],"acf":[],"_links":{"self":[{"href":"https:\/\/isfd816-chu.infd.edu.ar\/sitio\/wp-json\/wp\/v2\/posts\/1780"}],"collection":[{"href":"https:\/\/isfd816-chu.infd.edu.ar\/sitio\/wp-json\/wp\/v2\/posts"}],"about":[{"href":"https:\/\/isfd816-chu.infd.edu.ar\/sitio\/wp-json\/wp\/v2\/types\/post"}],"author":[{"embeddable":true,"href":"https:\/\/isfd816-chu.infd.edu.ar\/sitio\/wp-json\/wp\/v2\/users\/9"}],"replies":[{"embeddable":true,"href":"https:\/\/isfd816-chu.infd.edu.ar\/sitio\/wp-json\/wp\/v2\/comments?post=1780"}],"version-history":[{"count":1,"href":"https:\/\/isfd816-chu.infd.edu.ar\/sitio\/wp-json\/wp\/v2\/posts\/1780\/revisions"}],"predecessor-version":[{"id":1781,"href":"https:\/\/isfd816-chu.infd.edu.ar\/sitio\/wp-json\/wp\/v2\/posts\/1780\/revisions\/1781"}],"wp:featuredmedia":[{"embeddable":true,"href":"https:\/\/isfd816-chu.infd.edu.ar\/sitio\/wp-json\/wp\/v2\/media\/1040"}],"wp:attachment":[{"href":"https:\/\/isfd816-chu.infd.edu.ar\/sitio\/wp-json\/wp\/v2\/media?parent=1780"}],"wp:term":[{"taxonomy":"category","embeddable":true,"href":"https:\/\/isfd816-chu.infd.edu.ar\/sitio\/wp-json\/wp\/v2\/categories?post=1780"},{"taxonomy":"post_tag","embeddable":true,"href":"https:\/\/isfd816-chu.infd.edu.ar\/sitio\/wp-json\/wp\/v2\/tags?post=1780"}],"curies":[{"name":"wp","href":"https:\/\/api.w.org\/{rel}","templated":true}]}}