{"id":1810,"date":"2020-08-07T09:31:25","date_gmt":"2020-08-07T12:31:25","guid":{"rendered":"https:\/\/isfd816-chu.infd.edu.ar\/sitio\/?p=1810"},"modified":"2020-08-07T09:32:02","modified_gmt":"2020-08-07T12:32:02","slug":"llamado-uc-correccion-llamado","status":"publish","type":"post","link":"https:\/\/isfd816-chu.infd.edu.ar\/sitio\/llamado-uc-correccion-llamado\/","title":{"rendered":"Llamado UC (Correcci\u00f3n llamado)"},"content":{"rendered":"<p>La Direcci\u00f3n del Instituto de Educaci\u00f3n Superior n\u00ba 816 de la Ciudad De Rawson, hace el llamado abierto y p\u00fablico para la cobertura\u00a0 2020 de:<\/p>\n<p><strong>PROFESORADO DE EDUCACI\u00d3N ESPECIAL CON ORIENTACI\u00d3N EN DISCAPACIDAD INTELECTUAL<\/strong><\/p>\n<p><strong>1 A\u00f1o<\/strong><\/p>\n<p><strong>Did\u00e1ctica\u00a0General<\/strong>, SUPLENCIA, Cuatrimestral, 6 hrs, Perfil : Formaci\u00f3n en Cs de la Educ. con orientaci\u00f3n y o experiencia\u00a0en Did\u00e1ctica. Presentar CV, documentaci\u00f3n respaldatoria y nota adhesi\u00f3n a proyecto vigente.<\/p>\n<p><strong>Educaci\u00f3n Sexual Integral<\/strong>, SUPLENCIA, Perfil:\u00a0 Profesional, preferentemente , con t\u00edtulo docente habilitante que cuente con formaci\u00f3n\u00a0y experiencia en educaci\u00f3n sexual integral. Presentar CV, documentaci\u00f3n respaldatoria y nota adhesi\u00f3n a proyecto vigente.<\/p>\n<p><strong>3 A\u00f1o<\/strong><\/p>\n<p><strong>Educaci\u00f3n psicomotriz y desarrollo de la psicomotricidad<\/strong>\u00a0, SUPLENCIA, cuatrimestral\u00a0,4 hrs\u00a0 Perfil :\u00a0 Se requiere psic\u00f3logo, psicopedagogo ,para conformar una pareja pedag\u00f3gica con una Psicomotricista-<\/p>\n<p>Presentar CV, documentaci\u00f3n respaldatoria y nota adhesi\u00f3n a proyecto vigente<\/p>\n<p><strong>4 A\u00f1o<\/strong><\/p>\n<p><strong>Unidad de definici\u00f3n Institucional<\/strong>, 6 hrs. Interino, a t\u00e9rmino.<\/p>\n<p>Contenido : intervenciones did\u00e1cticas en las\u00a0 Cs y sus did\u00e1cticas\u00a0 de la MAI .<\/p>\n<p>Inclusi\u00f3n en escuela com\u00fan , todos los aspectos a considerar. Abordajes de las\u00a0\u00a0discapacidades y trastornos en la escuela com\u00fan y escuela especial. Trastornos del lenguajes . identificaci\u00f3n , forma de abordarlo.<\/p>\n<p>Perfil: se debe\u00a0conformar\u00a0 una pareja pedag\u00f3gica con una profesora \/or en educaci\u00f3n especial y un psicopedagogo\/oga . presentar Proyecto, m\u00e1s cv y doc. respaldatoria tal como se detalla m\u00e1s abajo<\/p>\n<p>&nbsp;<\/p>\n<p><strong>El llamado vence\u00a0el viernes 7 \u00a0de Agosto, a las 21 hs.<\/strong><\/p>\n<p>El CV deber\u00e1 presentarse con el formato que figura en la web,\u00a0<strong>excluyente<\/strong>,\u00a0en car\u00e1cter de declaraci\u00f3n jurada, junto a foto de DNI, documentaci\u00f3n respaldatoria,\u00a0Declaraci\u00f3n Jurada actualizada de cargos.<\/p>\n<p>El proyecto y el CV junto a la documentaci\u00f3n respaldatoria se enviar\u00e1n a \u00a0<a href=\"mailto:ies816rw@gmail.com\" target=\"_blank\" rel=\"noopener noreferrer noreferrer\">ies816rw@gmail.com<\/a>,\u00a0en 2 archivos PDF, por separado y con seud\u00f3nimos respectivamente<\/p>\n<p>Consultar Dise\u00f1os curriculares, modelos de presentaci\u00f3n de proyecto, de cv y grilla tipo, en la p\u00e1gina web\u00a0<a href=\"http:\/\/isfd816.chu.infd.edu.ar\/\" target=\"_blank\" rel=\"noopener noreferrer noreferrer\" data-saferedirecturl=\"https:\/\/www.google.com\/url?q=http:\/\/isfd816.chu.infd.edu.ar\/&amp;source=gmail&amp;ust=1596889769842000&amp;usg=AFQjCNEnY-Xw7bCX7GvNaN8AMUZzohzY9w\">isfd816.chu.infd.edu.ar<\/a><\/p>\n","protected":false},"excerpt":{"rendered":"<p>La Direcci\u00f3n del Instituto de Educaci\u00f3n Superior n\u00ba 816 de la Ciudad De Rawson, hace el llamado abierto y p\u00fablico para la cobertura\u00a0 2020 de: PROFESORADO DE EDUCACI\u00d3N ESPECIAL CON ORIENTACI\u00d3N EN DISCAPACIDAD INTELECTUAL 1 A\u00f1o Did\u00e1ctica\u00a0General, SUPLENCIA, Cuatrimestral, 6 hrs, Perfil : Formaci\u00f3n en Cs de la Educ. con orientaci\u00f3n y o experiencia\u00a0en Did\u00e1ctica. &#8230; <a title=\"Llamado UC (Correcci\u00f3n llamado)\" class=\"read-more\" href=\"https:\/\/isfd816-chu.infd.edu.ar\/sitio\/llamado-uc-correccion-llamado\/\" aria-label=\"More on Llamado UC (Correcci\u00f3n llamado)\">[+]<\/a><\/p>\n","protected":false},"author":9,"featured_media":1038,"comment_status":"open","ping_status":"open","sticky":false,"template":"","format":"standard","meta":[],"categories":[17],"tags":[],"acf":[],"_links":{"self":[{"href":"https:\/\/isfd816-chu.infd.edu.ar\/sitio\/wp-json\/wp\/v2\/posts\/1810"}],"collection":[{"href":"https:\/\/isfd816-chu.infd.edu.ar\/sitio\/wp-json\/wp\/v2\/posts"}],"about":[{"href":"https:\/\/isfd816-chu.infd.edu.ar\/sitio\/wp-json\/wp\/v2\/types\/post"}],"author":[{"embeddable":true,"href":"https:\/\/isfd816-chu.infd.edu.ar\/sitio\/wp-json\/wp\/v2\/users\/9"}],"replies":[{"embeddable":true,"href":"https:\/\/isfd816-chu.infd.edu.ar\/sitio\/wp-json\/wp\/v2\/comments?post=1810"}],"version-history":[{"count":2,"href":"https:\/\/isfd816-chu.infd.edu.ar\/sitio\/wp-json\/wp\/v2\/posts\/1810\/revisions"}],"predecessor-version":[{"id":1812,"href":"https:\/\/isfd816-chu.infd.edu.ar\/sitio\/wp-json\/wp\/v2\/posts\/1810\/revisions\/1812"}],"wp:featuredmedia":[{"embeddable":true,"href":"https:\/\/isfd816-chu.infd.edu.ar\/sitio\/wp-json\/wp\/v2\/media\/1038"}],"wp:attachment":[{"href":"https:\/\/isfd816-chu.infd.edu.ar\/sitio\/wp-json\/wp\/v2\/media?parent=1810"}],"wp:term":[{"taxonomy":"category","embeddable":true,"href":"https:\/\/isfd816-chu.infd.edu.ar\/sitio\/wp-json\/wp\/v2\/categories?post=1810"},{"taxonomy":"post_tag","embeddable":true,"href":"https:\/\/isfd816-chu.infd.edu.ar\/sitio\/wp-json\/wp\/v2\/tags?post=1810"}],"curies":[{"name":"wp","href":"https:\/\/api.w.org\/{rel}","templated":true}]}}