{"id":1813,"date":"2020-08-20T14:36:21","date_gmt":"2020-08-20T17:36:21","guid":{"rendered":"https:\/\/isfd816-chu.infd.edu.ar\/sitio\/?p=1813"},"modified":"2020-08-20T14:36:21","modified_gmt":"2020-08-20T17:36:21","slug":"llamado-uc-prof-educ-especial-2","status":"publish","type":"post","link":"https:\/\/isfd816-chu.infd.edu.ar\/sitio\/llamado-uc-prof-educ-especial-2\/","title":{"rendered":"Llamado UC (Prof. Educ. Especial)"},"content":{"rendered":"<p style=\"font-weight: 400;\">La Direcci\u00f3n del Instituto Superior N\u00b0 816 de la ciudad de Rawson hace el llamado abierto y p\u00fablico para la cobertura de las siguientes UC 2020:<\/p>\n<p style=\"font-weight: 400;\">\n<p style=\"font-weight: 400;\">Profesorado de Educaci\u00f3n Especial con orientaci\u00f3n en Discapacidad Intelectual<\/p>\n<p style=\"font-weight: 400;\">1 A\u00f1o( 2 llamado )<\/p>\n<p style=\"font-weight: 400;\"><strong>Did\u00e1ctica\u00a0General<\/strong>, cuatrimestral, 6 hrs. Perfil : Formaci\u00f3n en Cs. de la Educaci\u00f3n con orientaci\u00f3n y o experiencia\u00a0en Did\u00e1ctica. Presentar nota de adhesi\u00f3n al proyecto, CV, DNI, documentaci\u00f3n respaldatoria, declaraci\u00f3n jurada de cargos<\/p>\n<p style=\"font-weight: 400;\">4 A\u00f1o<\/p>\n<p style=\"font-weight: 400;\"><strong>Comunicaci\u00f3n y lenguaje<\/strong>, taller, cuatrimestral, 4 hrs. Perfil: Prof. de educaci\u00f3n especial\u00a0 para conformar pareja con especialista en comunicaci\u00f3n. Presentar nota de adhesi\u00f3n al proyecto, CV, DNI, documentaci\u00f3n respaldatoria, declaraci\u00f3n jurada de cargos.<\/p>\n<p style=\"font-weight: 400;\">El llamado vence\u00a0el Lunes 24 de Agosto de 2020, a las 21 hs.<\/p>\n<p style=\"font-weight: 400;\">El CV<strong>\u00a0<\/strong><strong>deber\u00e1 presentarse con el formato que figura en la web,\u00a0<u>excluyente<\/u>, en car\u00e1cter de declaraci\u00f3n jurada, documentaci\u00f3n respaldatoria<\/strong><strong>,\u00a0<\/strong>Declaraci\u00f3n Jurada actualizada de cargos. P\u00e1gina web\u00a0<a href=\"http:\/\/isfd816.chu.infd.edu.ar\/\" data-saferedirecturl=\"https:\/\/www.google.com\/url?q=http:\/\/isfd816.chu.infd.edu.ar\/&amp;source=gmail&amp;ust=1598024415064000&amp;usg=AFQjCNHt2mFGZJFlH0w-joD0WicrZRLTbw\">isfd816.chu.infd.edu.ar<\/a>.<\/p>\n","protected":false},"excerpt":{"rendered":"<p>La Direcci\u00f3n del Instituto Superior N\u00b0 816 de la ciudad de Rawson hace el llamado abierto y p\u00fablico para la cobertura de las siguientes UC 2020: Profesorado de Educaci\u00f3n Especial con orientaci\u00f3n en Discapacidad Intelectual 1 A\u00f1o( 2 llamado ) Did\u00e1ctica\u00a0General, cuatrimestral, 6 hrs. Perfil : Formaci\u00f3n en Cs. de la Educaci\u00f3n con orientaci\u00f3n y &#8230; <a title=\"Llamado UC (Prof. Educ. Especial)\" class=\"read-more\" href=\"https:\/\/isfd816-chu.infd.edu.ar\/sitio\/llamado-uc-prof-educ-especial-2\/\" aria-label=\"More on Llamado UC (Prof. Educ. Especial)\">[+]<\/a><\/p>\n","protected":false},"author":9,"featured_media":1038,"comment_status":"open","ping_status":"open","sticky":false,"template":"","format":"standard","meta":[],"categories":[17],"tags":[],"acf":[],"_links":{"self":[{"href":"https:\/\/isfd816-chu.infd.edu.ar\/sitio\/wp-json\/wp\/v2\/posts\/1813"}],"collection":[{"href":"https:\/\/isfd816-chu.infd.edu.ar\/sitio\/wp-json\/wp\/v2\/posts"}],"about":[{"href":"https:\/\/isfd816-chu.infd.edu.ar\/sitio\/wp-json\/wp\/v2\/types\/post"}],"author":[{"embeddable":true,"href":"https:\/\/isfd816-chu.infd.edu.ar\/sitio\/wp-json\/wp\/v2\/users\/9"}],"replies":[{"embeddable":true,"href":"https:\/\/isfd816-chu.infd.edu.ar\/sitio\/wp-json\/wp\/v2\/comments?post=1813"}],"version-history":[{"count":1,"href":"https:\/\/isfd816-chu.infd.edu.ar\/sitio\/wp-json\/wp\/v2\/posts\/1813\/revisions"}],"predecessor-version":[{"id":1814,"href":"https:\/\/isfd816-chu.infd.edu.ar\/sitio\/wp-json\/wp\/v2\/posts\/1813\/revisions\/1814"}],"wp:featuredmedia":[{"embeddable":true,"href":"https:\/\/isfd816-chu.infd.edu.ar\/sitio\/wp-json\/wp\/v2\/media\/1038"}],"wp:attachment":[{"href":"https:\/\/isfd816-chu.infd.edu.ar\/sitio\/wp-json\/wp\/v2\/media?parent=1813"}],"wp:term":[{"taxonomy":"category","embeddable":true,"href":"https:\/\/isfd816-chu.infd.edu.ar\/sitio\/wp-json\/wp\/v2\/categories?post=1813"},{"taxonomy":"post_tag","embeddable":true,"href":"https:\/\/isfd816-chu.infd.edu.ar\/sitio\/wp-json\/wp\/v2\/tags?post=1813"}],"curies":[{"name":"wp","href":"https:\/\/api.w.org\/{rel}","templated":true}]}}