{"id":1872,"date":"2021-03-08T18:27:22","date_gmt":"2021-03-08T21:27:22","guid":{"rendered":"https:\/\/isfd816-chu.infd.edu.ar\/sitio\/?p=1872"},"modified":"2021-03-10T18:29:32","modified_gmt":"2021-03-10T21:29:32","slug":"llamado-uc-tec-administracion-publica","status":"publish","type":"post","link":"https:\/\/isfd816-chu.infd.edu.ar\/sitio\/llamado-uc-tec-administracion-publica\/","title":{"rendered":"Llamado UC (Tec. Administraci\u00f3n P\u00fablica)"},"content":{"rendered":"<p><strong>LA DIRECCI\u00d3N DEL INSTITUTO SUPERIOR N\u00b0 816 DE LA CIUDAD DE RAWSON HACE EL\u00a0LLAMADO ABIERTO Y P\u00daBLICO PARA LA COBERTURA DE LAS SIGUIENTES UC 2021:<\/strong><\/p>\n<p><strong>\u00a0<\/strong><\/p>\n<p><strong><u>TECNICATURA SUPERIOR EN ADMINISTRACI\u00d3N P\u00daBLICA ORIENTADA AL DESARROLLO LOCAL (3\u00b0 A\u00d1O).<\/u><\/strong><\/p>\n<p><strong>\u00a0<\/strong><\/p>\n<p><strong>SISTEMAS DE GESTI\u00d3N DE PERSONAL.\u00a0<\/strong>Anual. 4 hs interino. Modalidad de espacio: Taller. Estar\u00e1 a cargo de un docente. Perfiles docentes: Lic. en Administraci\u00f3n, Lic. en Recursos Humanos, Lic. en Relaciones Laborales; Profesional con t\u00edtulo habilitante preferentemente con experiencia en Administraci\u00f3n P\u00fablica.<\/p>\n<p>&nbsp;<\/p>\n<p><strong>ADMINISTRACI\u00d3N FINANCIERA Y PRESUPUESTARIA DEL SECTOR P\u00daBLICO.\u00a0<\/strong>\u00a0Anual. 4 hs interino. Modalidad de espacio; Taller. Estar\u00e1 a cargo de un docente. Perfiles docentes: Prof. \/ Lic. en Econom\u00eda, Lic. en Administraci\u00f3n, Contador P\u00fablico, Profesional con t\u00edtulo habilitante preferentemente con experiencia en Administraci\u00f3n P\u00fablica.<\/p>\n<p><strong>\u00a0<\/strong><\/p>\n<p><strong>\u00c9TICA PROFESIONAL.\u00a0<\/strong>\u00a0Cuatrimestral (1\u00b0 cuatrimestre). 4 hs interino. Modalidad de espacio: Seminario, estar\u00e1 a cargo de un docente.<\/p>\n<p>Perfiles docentes: Lic. en Ciencias Pol\u00edticas, Lic. en Sociolog\u00eda, Abogado, Profesional con t\u00edtulo habilitante preferentemente con experiencia en Administraci\u00f3n P\u00fablica.<\/p>\n<p>&nbsp;<\/p>\n<p><strong>GESTI\u00d3N P\u00daBLICA.<\/strong>\u00a0Anual. 4 hs interino. Modalidad de espacio: Taller, estar\u00e1 a cargo de un docente. Perfiles docentes: Prof \/ Lic. en Econom\u00eda, Lic. en Administraci\u00f3n, Lic. en Ciencias Pol\u00edticas, Profesional con t\u00edtulo habilitante preferentemente con experiencia en Administraci\u00f3n P\u00fablica.<\/p>\n<p><strong>\u00a0<\/strong><\/p>\n<p><strong>DISE\u00d1O Y GESTI\u00d3N DE LAS ORGANIZACIONES.\u00a0<\/strong>\u00a0Cuatrimestral (1er cuatrimestre) 4 hs interino. Modalidad de espacio; Taller. Estar\u00e1 a cargo de un docente. Perfiles docentes: Lic. en Administraci\u00f3n, Contador P\u00fablico, Lic. en Econom\u00eda, Profesional con t\u00edtulo habilitante preferentemente con experiencia en Administraci\u00f3n P\u00fablica.<\/p>\n<p>&nbsp;<\/p>\n<p><strong>PR\u00c1CTICA PROFESIONAL III (La intervenci\u00f3n territorial).\u00a0<\/strong>Anual. 10 hs interino. Modalidad de espacio: M\u00f3dulo; integrado por dos docentes. Perfiles docentes: Lic. en Ciencias Pol\u00edticas, Lic. en Administraci\u00f3n, Lic. en Sociolog\u00eda, Lic. en Trabajo Social, Profesional con t\u00edtulo habilitante preferentemente con experiencia en Administraci\u00f3n P\u00fablica.<\/p>\n<p><strong>\u00a0<\/strong><\/p>\n<p><strong>El llamado vence\u00a0el viernes 12 de Marzo de 2021 a las 21 hs.<br \/>\n<\/strong><\/p>\n<p>El proyecto y el CV junto a la documentaci\u00f3n se enviar\u00e1n a \u00a0<a href=\"https:\/\/isfd816-chu.infd.edu.ar\/aula\/mailto:ies816rw@gmail.com\" target=\"_blank\" rel=\"noopener\" data-saferedirecturl=\"https:\/\/www.google.com\/url?q=https:\/\/isfd816-chu.infd.edu.ar\/aula\/mailto:ies816rw@gmail.com&amp;source=gmail&amp;ust=1615497681339000&amp;usg=AFQjCNFpQkZjKw9uiZHgjhK5xhiSKi7_bQ\">ies816rw@gmail.com<\/a>\u00a0en 2 archivos PDF, por separado y con seud\u00f3nimos respectivamente.<\/p>\n<p>El CV\u00a0<strong>deber\u00e1 presentarse con el formato que figura en la web, excluyente, en car\u00e1cter de declaraci\u00f3n jurada,\u00a0<\/strong>junto a foto de DNI<strong>,<\/strong>\u00a0Declaraci\u00f3n Jurada actualizada de cargos, y documentaci\u00f3n respaldatoria (prioritariamente en caso de no ser personal docente del Instituto y no tener legajo.)<\/p>\n<p>Consultar Dise\u00f1os curriculares, modelos de presentaci\u00f3n de proyecto, de cv y grilla tipo, en la p\u00e1gina web\u00a0<a href=\"http:\/\/isfd816.chu.infd.edu.ar\/\" target=\"_blank\" rel=\"noopener\" data-saferedirecturl=\"https:\/\/www.google.com\/url?q=http:\/\/isfd816.chu.infd.edu.ar\/&amp;source=gmail&amp;ust=1615497681339000&amp;usg=AFQjCNH51DduwOmraI6HelnUTDmmLOn9pg\">isfd816.chu.infd.edu.ar<\/a>.<\/p>\n","protected":false},"excerpt":{"rendered":"<p>LA DIRECCI\u00d3N DEL INSTITUTO SUPERIOR N\u00b0 816 DE LA CIUDAD DE RAWSON HACE EL\u00a0LLAMADO ABIERTO Y P\u00daBLICO PARA LA COBERTURA DE LAS SIGUIENTES UC 2021: \u00a0 TECNICATURA SUPERIOR EN ADMINISTRACI\u00d3N P\u00daBLICA ORIENTADA AL DESARROLLO LOCAL (3\u00b0 A\u00d1O). \u00a0 SISTEMAS DE GESTI\u00d3N DE PERSONAL.\u00a0Anual. 4 hs interino. Modalidad de espacio: Taller. Estar\u00e1 a cargo de un &#8230; <a title=\"Llamado UC (Tec. Administraci\u00f3n P\u00fablica)\" class=\"read-more\" href=\"https:\/\/isfd816-chu.infd.edu.ar\/sitio\/llamado-uc-tec-administracion-publica\/\" aria-label=\"More on Llamado UC (Tec. Administraci\u00f3n P\u00fablica)\">[+]<\/a><\/p>\n","protected":false},"author":1698,"featured_media":1060,"comment_status":"open","ping_status":"open","sticky":false,"template":"","format":"standard","meta":[],"categories":[17],"tags":[9,20],"acf":[],"_links":{"self":[{"href":"https:\/\/isfd816-chu.infd.edu.ar\/sitio\/wp-json\/wp\/v2\/posts\/1872"}],"collection":[{"href":"https:\/\/isfd816-chu.infd.edu.ar\/sitio\/wp-json\/wp\/v2\/posts"}],"about":[{"href":"https:\/\/isfd816-chu.infd.edu.ar\/sitio\/wp-json\/wp\/v2\/types\/post"}],"author":[{"embeddable":true,"href":"https:\/\/isfd816-chu.infd.edu.ar\/sitio\/wp-json\/wp\/v2\/users\/1698"}],"replies":[{"embeddable":true,"href":"https:\/\/isfd816-chu.infd.edu.ar\/sitio\/wp-json\/wp\/v2\/comments?post=1872"}],"version-history":[{"count":1,"href":"https:\/\/isfd816-chu.infd.edu.ar\/sitio\/wp-json\/wp\/v2\/posts\/1872\/revisions"}],"predecessor-version":[{"id":1873,"href":"https:\/\/isfd816-chu.infd.edu.ar\/sitio\/wp-json\/wp\/v2\/posts\/1872\/revisions\/1873"}],"wp:featuredmedia":[{"embeddable":true,"href":"https:\/\/isfd816-chu.infd.edu.ar\/sitio\/wp-json\/wp\/v2\/media\/1060"}],"wp:attachment":[{"href":"https:\/\/isfd816-chu.infd.edu.ar\/sitio\/wp-json\/wp\/v2\/media?parent=1872"}],"wp:term":[{"taxonomy":"category","embeddable":true,"href":"https:\/\/isfd816-chu.infd.edu.ar\/sitio\/wp-json\/wp\/v2\/categories?post=1872"},{"taxonomy":"post_tag","embeddable":true,"href":"https:\/\/isfd816-chu.infd.edu.ar\/sitio\/wp-json\/wp\/v2\/tags?post=1872"}],"curies":[{"name":"wp","href":"https:\/\/api.w.org\/{rel}","templated":true}]}}