{"id":1878,"date":"2021-03-12T09:38:33","date_gmt":"2021-03-12T12:38:33","guid":{"rendered":"https:\/\/isfd816-chu.infd.edu.ar\/sitio\/?p=1878"},"modified":"2021-03-12T09:38:55","modified_gmt":"2021-03-12T12:38:55","slug":"llamado-uc-prof-economia-y-prof-educacion-especial","status":"publish","type":"post","link":"https:\/\/isfd816-chu.infd.edu.ar\/sitio\/llamado-uc-prof-economia-y-prof-educacion-especial\/","title":{"rendered":"Llamado UC (Prof. Econom\u00eda y Prof. Educaci\u00f3n Especial)"},"content":{"rendered":"<p><strong>La Direcci\u00f3n del Instituto Superior N\u00b0 816 de la ciudad de Rawson hace el \u00a0\u00a0llamado abierto y p\u00fablico para la cobertura de las siguientes UC 2021:<\/strong><\/p>\n<p>&nbsp;<\/p>\n<p><strong>2do llamado PROFESORADO DE EDUCACI\u00d3N SECUNDARIA EN ECONOM\u00cdA<\/strong><\/p>\n<p><strong>3\u00b0 a\u00f1o<\/strong><\/p>\n<p><strong>Investigaci\u00f3n Educativa<\/strong>, Taller Anual, 4hs horas c\u00e1tedra cada uno\/a, (3 hs. frente a estudiantes y 1 h. de gesti\u00f3n curricular) \u00a0Perfil docente: pareja pedag\u00f3gica con un\/a docente que acredite formaci\u00f3n en Investigaci\u00f3n en la Ense\u00f1anza de las Ciencias Econ\u00f3micas o Sociales; y un\/a profesional en Ciencias de la Educaci\u00f3n que acredite experiencia en Investigaci\u00f3n Educativa<\/p>\n<p><strong>Desarrollo del Capital Humano<\/strong>, Asignatura, Anual, 4 hs. c\u00e1tedra 4 hs c\u00e1tedra (3 hs. frente a estudiantes y 1 h de gesti\u00f3n curricular), Perfil docente:\u00a0 Licenciado\/a\u00a0 en\u00a0 Administraci\u00f3n.\u00a0 Licenciado\/a\u00a0 en\u00a0 Recursos\u00a0 Humanos\u00a0 o\u00a0 profesional formado en Ciencias Econ\u00f3micas con orientaci\u00f3n y\/o especializaci\u00f3n en Administraci\u00f3n de Recursos Humanos. Se sugiere priorizar el conocimiento y la experiencia en el Nivel Secundario.<\/p>\n<p>&nbsp;<\/p>\n<p>PROFESORADO DE EDUCACI\u00d3N ESPECIAL CON ORIENTACI\u00d3N EN DISCAPACIDAD INTELECTUAL<\/p>\n<p><strong>\u00a0<\/strong><\/p>\n<p><strong>1 A\u00f1o<\/strong><\/p>\n<p><strong>Pedagog\u00eda<\/strong>, Cuatrimestral, 7 hs. c\u00e1tedra (6 frente a estudiantes 1 de gesti\u00f3n curricular). Perfil : formaci\u00f3n en ciencias de la educaci\u00f3n y \/o experiencia en el \u00e1rea de la pedagog\u00eda.<\/p>\n<p>Presentar nota de adhesi\u00f3n al proyecto vigente, CV y doc. respaldatoria por mail al\u00a0<a href=\"mailto:ies816rw@gmail.com\" target=\"_blank\" rel=\"noopener\">ies816rw@gmail.com<\/a><\/p>\n<p>El llamado vence\u00a0el Lunes 15 Marzo de 2021, a las 21 hs.<\/p>\n<p>El proyecto y el CV junto a la documentaci\u00f3n se enviar\u00e1n a \u00a0<a href=\"https:\/\/isfd816-chu.infd.edu.ar\/aula\/mailto:ies816rw@gmail.com\" target=\"_blank\" rel=\"noopener\" data-saferedirecturl=\"https:\/\/www.google.com\/url?q=https:\/\/isfd816-chu.infd.edu.ar\/aula\/mailto:ies816rw@gmail.com&amp;source=gmail&amp;ust=1615638927475000&amp;usg=AFQjCNGHAjYCFNK9i6T1BpsZWNWlH2d_oA\">ies816rw@gmail.com<\/a>\u00a0en 2 archivos PDF, por separado y con seud\u00f3nimos respectivamente.<\/p>\n<p>El CV\u00a0<strong>deber\u00e1 presentarse con el formato que figura en la web, excluyente, en car\u00e1cter de declaraci\u00f3n jurada, junto a foto de DNI,<\/strong>\u00a0Declaraci\u00f3n Jurada actualizada de cargos (no es impedimento si no tiene firma, es una Declaraci\u00f3n jurada).<\/p>\n<p>Consultar Dise\u00f1os curriculares, modelos de presentaci\u00f3n de proyecto, de cv y grilla tipo, en la p\u00e1gina web\u00a0<a href=\"http:\/\/isfd816.chu.infd.edu.ar\/\" target=\"_blank\" rel=\"noopener\" data-saferedirecturl=\"https:\/\/www.google.com\/url?q=http:\/\/isfd816.chu.infd.edu.ar\/&amp;source=gmail&amp;ust=1615638927475000&amp;usg=AFQjCNGNbCZo2pwhVRGln5wxYC7bu4UmOg\">isfd816.chu.infd.edu.ar<\/a>.<\/p>\n<p>&nbsp;<\/p>\n","protected":false},"excerpt":{"rendered":"<p>La Direcci\u00f3n del Instituto Superior N\u00b0 816 de la ciudad de Rawson hace el \u00a0\u00a0llamado abierto y p\u00fablico para la cobertura de las siguientes UC 2021: &nbsp; 2do llamado PROFESORADO DE EDUCACI\u00d3N SECUNDARIA EN ECONOM\u00cdA 3\u00b0 a\u00f1o Investigaci\u00f3n Educativa, Taller Anual, 4hs horas c\u00e1tedra cada uno\/a, (3 hs. frente a estudiantes y 1 h. de &#8230; <a title=\"Llamado UC (Prof. Econom\u00eda y Prof. Educaci\u00f3n Especial)\" class=\"read-more\" href=\"https:\/\/isfd816-chu.infd.edu.ar\/sitio\/llamado-uc-prof-economia-y-prof-educacion-especial\/\" aria-label=\"More on Llamado UC (Prof. Econom\u00eda y Prof. Educaci\u00f3n Especial)\">[+]<\/a><\/p>\n","protected":false},"author":1698,"featured_media":1061,"comment_status":"open","ping_status":"open","sticky":false,"template":"","format":"standard","meta":[],"categories":[17,16],"tags":[],"acf":[],"_links":{"self":[{"href":"https:\/\/isfd816-chu.infd.edu.ar\/sitio\/wp-json\/wp\/v2\/posts\/1878"}],"collection":[{"href":"https:\/\/isfd816-chu.infd.edu.ar\/sitio\/wp-json\/wp\/v2\/posts"}],"about":[{"href":"https:\/\/isfd816-chu.infd.edu.ar\/sitio\/wp-json\/wp\/v2\/types\/post"}],"author":[{"embeddable":true,"href":"https:\/\/isfd816-chu.infd.edu.ar\/sitio\/wp-json\/wp\/v2\/users\/1698"}],"replies":[{"embeddable":true,"href":"https:\/\/isfd816-chu.infd.edu.ar\/sitio\/wp-json\/wp\/v2\/comments?post=1878"}],"version-history":[{"count":1,"href":"https:\/\/isfd816-chu.infd.edu.ar\/sitio\/wp-json\/wp\/v2\/posts\/1878\/revisions"}],"predecessor-version":[{"id":1879,"href":"https:\/\/isfd816-chu.infd.edu.ar\/sitio\/wp-json\/wp\/v2\/posts\/1878\/revisions\/1879"}],"wp:featuredmedia":[{"embeddable":true,"href":"https:\/\/isfd816-chu.infd.edu.ar\/sitio\/wp-json\/wp\/v2\/media\/1061"}],"wp:attachment":[{"href":"https:\/\/isfd816-chu.infd.edu.ar\/sitio\/wp-json\/wp\/v2\/media?parent=1878"}],"wp:term":[{"taxonomy":"category","embeddable":true,"href":"https:\/\/isfd816-chu.infd.edu.ar\/sitio\/wp-json\/wp\/v2\/categories?post=1878"},{"taxonomy":"post_tag","embeddable":true,"href":"https:\/\/isfd816-chu.infd.edu.ar\/sitio\/wp-json\/wp\/v2\/tags?post=1878"}],"curies":[{"name":"wp","href":"https:\/\/api.w.org\/{rel}","templated":true}]}}