{"id":1880,"date":"2021-03-12T16:34:45","date_gmt":"2021-03-12T19:34:45","guid":{"rendered":"https:\/\/isfd816-chu.infd.edu.ar\/sitio\/?p=1880"},"modified":"2021-03-12T16:34:45","modified_gmt":"2021-03-12T19:34:45","slug":"llamado-uc-prof-educacion-primaria","status":"publish","type":"post","link":"https:\/\/isfd816-chu.infd.edu.ar\/sitio\/llamado-uc-prof-educacion-primaria\/","title":{"rendered":"Llamado UC (Prof. Educaci\u00f3n Primaria)"},"content":{"rendered":"<p><strong>La Direcci\u00f3n del Instituto Superior N\u00b0 816 de la ciudad de Rawson hace el \u00a0\u00a0llamado abierto y p\u00fablico para la cobertura de las siguientes UC 2021:<\/strong><\/p>\n<p><strong>PROFESORADO EN EDUCACI\u00d3N PRIMARIA:<\/strong><\/p>\n<p>1er. a\u00f1o<\/p>\n<p><strong><u>Lengua y Literatura<\/u><\/strong>: interino, asignatura,\u00a0 anual, 4horas c\u00e1tedras. Perfil Docente: un docente con formaci\u00f3n espec\u00edfica<\/p>\n<p><strong><u>EDUCACI\u00d3N TECNOL\u00d3GICA,<\/u><\/strong>\u00a0suplente,\u00a0 asignatura, anual, 3horas c\u00e1tedras. Perfil docente: un Profesor en Educaci\u00f3n Tecnol\u00f3gica o en Tecnolog\u00eda. S\u00f3lo p<strong>resentar CV con formato que figura en la web, documentaci\u00f3n respaldatoria y nota de adhesi\u00f3n a la Unidad Curricular<\/strong>.<\/p>\n<p>El llamado vence\u00a0el Viernes 5 de Marzo de 2021, a las 21 hs.<\/p>\n<p>El proyecto y el CV junto a la documentaci\u00f3n se enviar\u00e1n a \u00a0<a href=\"https:\/\/isfd816-chu.infd.edu.ar\/aula\/mailto:ies816rw@gmail.com\" target=\"_blank\" rel=\"noopener\" data-saferedirecturl=\"https:\/\/www.google.com\/url?q=https:\/\/isfd816-chu.infd.edu.ar\/aula\/mailto:ies816rw@gmail.com&amp;source=gmail&amp;ust=1615660835618000&amp;usg=AFQjCNFpZdTawGyEbfBDIPJ1XHmGakmUdw\">ies816rw@gmail.com<\/a>\u00a0en 2 archivos PDF, por separado y con seud\u00f3nimos respectivamente.<\/p>\n<p>El CV\u00a0<strong>deber\u00e1 presentarse con el formato que figura en la web, excluyente, en car\u00e1cter de declaraci\u00f3n jurada,\u00a0<\/strong>junto a foto de DNI<strong>,<\/strong>\u00a0Declaraci\u00f3n Jurada actualizada de cargos, y documentaci\u00f3n respaldatoria (prioritariamente en caso de no ser personal docente del Instituto y no tener legajo.)<\/p>\n<p>Consultar Dise\u00f1os curriculares, modelos de presentaci\u00f3n de proyecto, de cv y grilla tipo, en la p\u00e1gina web\u00a0<a href=\"http:\/\/isfd816.chu.infd.edu.ar\/\" target=\"_blank\" rel=\"noopener\" data-saferedirecturl=\"https:\/\/www.google.com\/url?q=http:\/\/isfd816.chu.infd.edu.ar\/&amp;source=gmail&amp;ust=1615660835618000&amp;usg=AFQjCNFzCsSaK8pS36pvGR--6DZ4KezXzw\">isfd816.chu.infd.edu.ar<\/a>.<\/p>\n<p>&nbsp;<\/p>\n","protected":false},"excerpt":{"rendered":"<p>La Direcci\u00f3n del Instituto Superior N\u00b0 816 de la ciudad de Rawson hace el \u00a0\u00a0llamado abierto y p\u00fablico para la cobertura de las siguientes UC 2021: PROFESORADO EN EDUCACI\u00d3N PRIMARIA: 1er. a\u00f1o Lengua y Literatura: interino, asignatura,\u00a0 anual, 4horas c\u00e1tedras. Perfil Docente: un docente con formaci\u00f3n espec\u00edfica EDUCACI\u00d3N TECNOL\u00d3GICA,\u00a0suplente,\u00a0 asignatura, anual, 3horas c\u00e1tedras. Perfil docente: &#8230; <a title=\"Llamado UC (Prof. Educaci\u00f3n Primaria)\" class=\"read-more\" href=\"https:\/\/isfd816-chu.infd.edu.ar\/sitio\/llamado-uc-prof-educacion-primaria\/\" aria-label=\"More on Llamado UC (Prof. Educaci\u00f3n Primaria)\">[+]<\/a><\/p>\n","protected":false},"author":1698,"featured_media":1057,"comment_status":"open","ping_status":"open","sticky":false,"template":"","format":"standard","meta":[],"categories":[17,16],"tags":[9],"acf":[],"_links":{"self":[{"href":"https:\/\/isfd816-chu.infd.edu.ar\/sitio\/wp-json\/wp\/v2\/posts\/1880"}],"collection":[{"href":"https:\/\/isfd816-chu.infd.edu.ar\/sitio\/wp-json\/wp\/v2\/posts"}],"about":[{"href":"https:\/\/isfd816-chu.infd.edu.ar\/sitio\/wp-json\/wp\/v2\/types\/post"}],"author":[{"embeddable":true,"href":"https:\/\/isfd816-chu.infd.edu.ar\/sitio\/wp-json\/wp\/v2\/users\/1698"}],"replies":[{"embeddable":true,"href":"https:\/\/isfd816-chu.infd.edu.ar\/sitio\/wp-json\/wp\/v2\/comments?post=1880"}],"version-history":[{"count":1,"href":"https:\/\/isfd816-chu.infd.edu.ar\/sitio\/wp-json\/wp\/v2\/posts\/1880\/revisions"}],"predecessor-version":[{"id":1881,"href":"https:\/\/isfd816-chu.infd.edu.ar\/sitio\/wp-json\/wp\/v2\/posts\/1880\/revisions\/1881"}],"wp:featuredmedia":[{"embeddable":true,"href":"https:\/\/isfd816-chu.infd.edu.ar\/sitio\/wp-json\/wp\/v2\/media\/1057"}],"wp:attachment":[{"href":"https:\/\/isfd816-chu.infd.edu.ar\/sitio\/wp-json\/wp\/v2\/media?parent=1880"}],"wp:term":[{"taxonomy":"category","embeddable":true,"href":"https:\/\/isfd816-chu.infd.edu.ar\/sitio\/wp-json\/wp\/v2\/categories?post=1880"},{"taxonomy":"post_tag","embeddable":true,"href":"https:\/\/isfd816-chu.infd.edu.ar\/sitio\/wp-json\/wp\/v2\/tags?post=1880"}],"curies":[{"name":"wp","href":"https:\/\/api.w.org\/{rel}","templated":true}]}}