{"id":1894,"date":"2021-04-23T18:00:31","date_gmt":"2021-04-23T21:00:31","guid":{"rendered":"https:\/\/isfd816-chu.infd.edu.ar\/sitio\/?p=1894"},"modified":"2021-04-23T18:00:31","modified_gmt":"2021-04-23T21:00:31","slug":"llamado-uc-prof-educacion-tecnologica","status":"publish","type":"post","link":"https:\/\/isfd816-chu.infd.edu.ar\/sitio\/llamado-uc-prof-educacion-tecnologica\/","title":{"rendered":"Llamado UC (Prof. Educaci\u00f3n Tecnol\u00f3gica)"},"content":{"rendered":"<p><strong>La Direcci\u00f3n del Instituto Superior N\u00b0 816 de la ciudad de Rawson hace el llamado abierto y p\u00fablico para la cobertura de las siguientes UC 2021:<\/strong><\/p>\n<p><strong><em>PROFESORADO DE EDUCACI\u00d3N TECNOL\u00d3GICA RES 311_14<\/em><\/strong><\/p>\n<p><em>2DO A\u00f1o<\/em><\/p>\n<p>&nbsp;<\/p>\n<p>MEDIACION TECNICA SOBRE LOS MATERIALES \u2013 Taller &#8211; 5HS &#8211; Interino \u2013 Cuatrimestral (1ER CUAT)<\/p>\n<p>Perfil: Profesor\/a de Educaci\u00f3n Tecnol\u00f3gica \/ Tecnolog\u00eda, u otro profesional con formaci\u00f3n y\/o experiencia en el campo de la F\u00edsica de los Materiales.<\/p>\n<p>Presentar Proyecto y CV.<\/p>\n<p>&nbsp;<\/p>\n<p>DIDACTICA DE LA EDUCACION TECNOLOGICA I &#8211; Asignatura &#8211; 6 HS \u2013 Suplencia- Cuatrimestral (1er CUAT)<\/p>\n<p>Perfil: se debe conformar una pareja pedag\u00f3gica, con un\/a profesor\/a de Educaci\u00f3n Tecnol\u00f3gica o Tecnolog\u00eda que tenga conocimiento y experiencia en los niveles de la educaci\u00f3n formal; y un\/a Profesor\/a de Educaci\u00f3n Inicial.<br \/>\nPresentar CV, nota de adhesi\u00f3n a proyecto junto a documentaci\u00f3n respaldatoria<\/p>\n<p>El llamado vence el <strong>martes 27 de Abril de 2021, a las 21 hs.<\/strong><\/p>\n<p>El proyecto y el CV junto a la documentaci\u00f3n se enviar\u00e1n a\u00a0<a href=\"mailto:ies816rw@gmail.com\" target=\"_blank\" rel=\"noopener\">ies816rw@gmail.com<\/a>\u00a0en 2 archivos PDF, por separado y con seud\u00f3nimos respectivamente.<\/p>\n<p>El CV deber\u00e1 presentarse con el formato que figura en la web, excluyente, en car\u00e1cter de declaraci\u00f3n jurada, junto a foto de DNI, Declaraci\u00f3n Jurada actualizada de cargos, y documentaci\u00f3n respaldatoria (prioritariamente en caso de no ser personal docente del Instituto y no tener legajo.)<\/p>\n<p>Consultar Dise\u00f1os curriculares, modelos de presentaci\u00f3n de proyecto, de cv y grilla tipo, en la p\u00e1gina web\u00a0<a href=\"http:\/\/isfd816.chu.infd.edu.ar\/\" target=\"_blank\" rel=\"noopener\" data-saferedirecturl=\"https:\/\/www.google.com\/url?q=http:\/\/isfd816.chu.infd.edu.ar&amp;source=gmail&amp;ust=1619296422980000&amp;usg=AFQjCNG5mVCFaW18G7l7FBoSsrrvdzyIqA\">isfd816.chu.infd.edu.ar<\/a>.<\/p>\n","protected":false},"excerpt":{"rendered":"<p>La Direcci\u00f3n del Instituto Superior N\u00b0 816 de la ciudad de Rawson hace el llamado abierto y p\u00fablico para la cobertura de las siguientes UC 2021: PROFESORADO DE EDUCACI\u00d3N TECNOL\u00d3GICA RES 311_14 2DO A\u00f1o &nbsp; MEDIACION TECNICA SOBRE LOS MATERIALES \u2013 Taller &#8211; 5HS &#8211; Interino \u2013 Cuatrimestral (1ER CUAT) Perfil: Profesor\/a de Educaci\u00f3n Tecnol\u00f3gica &#8230; <a title=\"Llamado UC (Prof. Educaci\u00f3n Tecnol\u00f3gica)\" class=\"read-more\" href=\"https:\/\/isfd816-chu.infd.edu.ar\/sitio\/llamado-uc-prof-educacion-tecnologica\/\" aria-label=\"More on Llamado UC (Prof. Educaci\u00f3n Tecnol\u00f3gica)\">[+]<\/a><\/p>\n","protected":false},"author":1698,"featured_media":1059,"comment_status":"open","ping_status":"open","sticky":false,"template":"","format":"standard","meta":[],"categories":[17,39],"tags":[20],"acf":[],"_links":{"self":[{"href":"https:\/\/isfd816-chu.infd.edu.ar\/sitio\/wp-json\/wp\/v2\/posts\/1894"}],"collection":[{"href":"https:\/\/isfd816-chu.infd.edu.ar\/sitio\/wp-json\/wp\/v2\/posts"}],"about":[{"href":"https:\/\/isfd816-chu.infd.edu.ar\/sitio\/wp-json\/wp\/v2\/types\/post"}],"author":[{"embeddable":true,"href":"https:\/\/isfd816-chu.infd.edu.ar\/sitio\/wp-json\/wp\/v2\/users\/1698"}],"replies":[{"embeddable":true,"href":"https:\/\/isfd816-chu.infd.edu.ar\/sitio\/wp-json\/wp\/v2\/comments?post=1894"}],"version-history":[{"count":1,"href":"https:\/\/isfd816-chu.infd.edu.ar\/sitio\/wp-json\/wp\/v2\/posts\/1894\/revisions"}],"predecessor-version":[{"id":1896,"href":"https:\/\/isfd816-chu.infd.edu.ar\/sitio\/wp-json\/wp\/v2\/posts\/1894\/revisions\/1896"}],"wp:featuredmedia":[{"embeddable":true,"href":"https:\/\/isfd816-chu.infd.edu.ar\/sitio\/wp-json\/wp\/v2\/media\/1059"}],"wp:attachment":[{"href":"https:\/\/isfd816-chu.infd.edu.ar\/sitio\/wp-json\/wp\/v2\/media?parent=1894"}],"wp:term":[{"taxonomy":"category","embeddable":true,"href":"https:\/\/isfd816-chu.infd.edu.ar\/sitio\/wp-json\/wp\/v2\/categories?post=1894"},{"taxonomy":"post_tag","embeddable":true,"href":"https:\/\/isfd816-chu.infd.edu.ar\/sitio\/wp-json\/wp\/v2\/tags?post=1894"}],"curies":[{"name":"wp","href":"https:\/\/api.w.org\/{rel}","templated":true}]}}