{"id":1920,"date":"2021-09-11T13:17:49","date_gmt":"2021-09-11T16:17:49","guid":{"rendered":"https:\/\/isfd816-chu.infd.edu.ar\/sitio\/?p=1920"},"modified":"2021-09-11T13:17:50","modified_gmt":"2021-09-11T16:17:50","slug":"comienza-proceso-electoral-en-el-ies-n816","status":"publish","type":"post","link":"https:\/\/isfd816-chu.infd.edu.ar\/sitio\/comienza-proceso-electoral-en-el-ies-n816\/","title":{"rendered":"Comienza Proceso electoral en el IES N\u00b0816"},"content":{"rendered":"\n<p>Estimada comunidad de 816, queremos informar que en sesi\u00f3n del CIC (Consejo Institucional Constituyente) del d\u00eda de la fecha, se decidi\u00f3 adherir y dar inicio al cronograma electoral fijado por la Disposici\u00f3n n\u00b0 09\/21 DGES, a pesar de haber elaborado y propuesto uno diferente, en el marco de lo que establece el ROM que no fue tenido en cuenta por la Direcci\u00f3n General de Educaci\u00f3n Superior.<br>El CIC, es el \u00f3rgano colegiado conformado por los representantes docentes (todas las carreras), administraci\u00f3n, estudiantes, Equipo Directivo y Coordinadores de Carrera, que acompa\u00f1a al Equipo de Gesti\u00f3n y resuelve en algunos aspectos de la vida institucional.<br><\/p>\n\n\n\n<p><strong>Convocatoria<\/strong><\/p>\n\n\n\n<p>Se convoca a interesadas\/os en<em> conformar la Junta Electoral <\/em>a postularse, hasta el <strong>d\u00eda 28\/09\/2021<\/strong>.<br>Para ello deber\u00e1n enviar un correo con el Asunto \u201cIntegrar Junta Electoral\u201d al ies816rw@gmail.com, e incluir en el cuerpo: nombre y apellido completo, DNI, la intenci\u00f3n de integrar la Junta y estamento del que forma parte.<br>Seg\u00fan consta en el<strong> art. N\u00b0 4 del R\u00e9gimen Electoral<\/strong>, Anexo del ROM \u201cla Junta Electoral estar\u00e1 conformada por: 3 docentes, 2 estudiantes, y 1 graduado\/a, 1 personal administrativo y operativo. Para cada estamento se debe designar un\/a suplente. El cargo de la Junta Electoral es incompatible con la integraci\u00f3n del CIC, la participaci\u00f3n en listas de candidatos y con el cargo de apoderado de lista\u201d<\/p>\n\n\n\n<p><strong>Ver aqu\u00ed cronograma electoral<\/strong><\/p>\n\n\n\n<figure class=\"wp-block-image size-large\"><img decoding=\"async\" loading=\"lazy\" width=\"728\" height=\"1280\" src=\"https:\/\/isfd816-chu.infd.edu.ar\/sitio\/wp-content\/uploads\/2021\/09\/cronograma-electoral-2021.jpeg\" alt=\"\" class=\"wp-image-1921\" srcset=\"https:\/\/isfd816-chu.infd.edu.ar\/sitio\/wp-content\/uploads\/2021\/09\/cronograma-electoral-2021.jpeg 728w, https:\/\/isfd816-chu.infd.edu.ar\/sitio\/wp-content\/uploads\/2021\/09\/cronograma-electoral-2021-569x1000.jpeg 569w\" sizes=\"(max-width: 728px) 100vw, 728px\" \/><\/figure>\n","protected":false},"excerpt":{"rendered":"<p>Se decidi\u00f3 adherir y dar inicio al cronograma electoral fijado por la Disposici\u00f3n n\u00b0 09\/21 DGES.. Se convoca a interesadas\/os en conformar la Junta Electoral a postularse, hasta el d\u00eda 28\/09\/2021.<\/p>\n","protected":false},"author":9,"featured_media":1061,"comment_status":"open","ping_status":"open","sticky":false,"template":"","format":"standard","meta":[],"categories":[18,16,39],"tags":[61,60,62],"acf":[],"_links":{"self":[{"href":"https:\/\/isfd816-chu.infd.edu.ar\/sitio\/wp-json\/wp\/v2\/posts\/1920"}],"collection":[{"href":"https:\/\/isfd816-chu.infd.edu.ar\/sitio\/wp-json\/wp\/v2\/posts"}],"about":[{"href":"https:\/\/isfd816-chu.infd.edu.ar\/sitio\/wp-json\/wp\/v2\/types\/post"}],"author":[{"embeddable":true,"href":"https:\/\/isfd816-chu.infd.edu.ar\/sitio\/wp-json\/wp\/v2\/users\/9"}],"replies":[{"embeddable":true,"href":"https:\/\/isfd816-chu.infd.edu.ar\/sitio\/wp-json\/wp\/v2\/comments?post=1920"}],"version-history":[{"count":1,"href":"https:\/\/isfd816-chu.infd.edu.ar\/sitio\/wp-json\/wp\/v2\/posts\/1920\/revisions"}],"predecessor-version":[{"id":1922,"href":"https:\/\/isfd816-chu.infd.edu.ar\/sitio\/wp-json\/wp\/v2\/posts\/1920\/revisions\/1922"}],"wp:featuredmedia":[{"embeddable":true,"href":"https:\/\/isfd816-chu.infd.edu.ar\/sitio\/wp-json\/wp\/v2\/media\/1061"}],"wp:attachment":[{"href":"https:\/\/isfd816-chu.infd.edu.ar\/sitio\/wp-json\/wp\/v2\/media?parent=1920"}],"wp:term":[{"taxonomy":"category","embeddable":true,"href":"https:\/\/isfd816-chu.infd.edu.ar\/sitio\/wp-json\/wp\/v2\/categories?post=1920"},{"taxonomy":"post_tag","embeddable":true,"href":"https:\/\/isfd816-chu.infd.edu.ar\/sitio\/wp-json\/wp\/v2\/tags?post=1920"}],"curies":[{"name":"wp","href":"https:\/\/api.w.org\/{rel}","templated":true}]}}