{"id":2027,"date":"2022-03-03T21:00:34","date_gmt":"2022-03-04T00:00:34","guid":{"rendered":"https:\/\/isfd816-chu.infd.edu.ar\/sitio\/?p=2027"},"modified":"2022-03-03T21:00:36","modified_gmt":"2022-03-04T00:00:36","slug":"llamado-uc-prof-ed-primaria","status":"publish","type":"post","link":"https:\/\/isfd816-chu.infd.edu.ar\/sitio\/llamado-uc-prof-ed-primaria\/","title":{"rendered":"Llamado UC (Prof. Ed. Primaria)"},"content":{"rendered":"\n<p><strong>La Direcci\u00f3n del Instituto Superior N\u00b0 816 de la ciudad de Rawson hace el&nbsp;&nbsp;&nbsp;llamado abierto y p\u00fablico para la cobertura de las siguientes UC 2022:<\/strong><\/p>\n\n\n\n<p><strong><u>PROFESORADO DE EDUCACI\u00d3N PRIMARIA<\/u><\/strong><\/p>\n\n\n\n<p><strong><u>1ER a\u00f1o<\/u><\/strong><\/p>\n\n\n\n<p><strong>PEDAGOG\u00cdA<\/strong>: Interino. 3 hs c\u00e1tedras. Asignatura- Anual.<\/p>\n\n\n\n<p>Perfil del docente: Formaci\u00f3n en Ciencia de la Educaci\u00f3n o equivalente, con orientaci\u00f3n y\/o experiencia en Pedagog\u00eda.<\/p>\n\n\n\n<p><strong>DID\u00c1CTICA GENERAL<\/strong>: Interino. 3 horas C\u00e1tedras- Asignatura- Anual<\/p>\n\n\n\n<p>Perfil docente;&nbsp; Formaci\u00f3n en Ciencia de la Educaci\u00f3n o equivalente, con orientaci\u00f3n y\/o experiencia en el \u00e1rea de la Did\u00e1ctica General.<\/p>\n\n\n\n<p><strong>El llamado vence&nbsp;el Mi\u00e9rcoles 9 de Marzo&nbsp;&nbsp;de 2022, a las 21 hs.&nbsp;<\/strong>Lugar: Secretar\u00eda Administrativa del Instituto sita en Federicci y Vuelta de obligado, Barrio San Pablo. Escuela N\u00b0 7705 desde 18 30 hs. Consultas:&nbsp;<a href=\"mailto:ies816rw@gmail.com\" target=\"_blank\" rel=\"noreferrer noopener\">ies816rw@gmail.com<\/a><\/p>\n\n\n\n<p><strong>Requisitos<\/strong>: En sobre cerrado el postulante presentar\u00e1 el Proyecto firmado con un seud\u00f3nimo, seg\u00fan pautas de presentaci\u00f3n que consta en la p\u00e1gina web. En el exterior se colocar\u00e1 seud\u00f3nimo y espacio al cual se presenta, adem\u00e1s, abrochado, un sobre con el seud\u00f3nimo que adentro contendr\u00e1 DNI, CV, declaraci\u00f3n jurada de cargos y documentaci\u00f3n respaldatoria&nbsp;(prioritariamente en caso de no ser personal docente del Instituto y no tener legajo; en ese caso&nbsp;presentar originales y copias para poder certificar, de lo contrario no tendr\u00e1 validez.&nbsp;<strong>El CV&nbsp;deber\u00e1 presentarse con el formato que figura en la web, excluyente, en car\u00e1cter de declaraci\u00f3n jurada.<\/strong><\/p>\n\n\n\n<p>Consultar Dise\u00f1os curriculares, modelos de presentaci\u00f3n de proyecto, de cv y grilla tipo, en la p\u00e1gina web&nbsp;<a href=\"http:\/\/isfd816.chu.infd.edu.ar\/\" target=\"_blank\" rel=\"noreferrer noopener\">isfd816.chu.infd.edu.ar<\/a>.<\/p>\n","protected":false},"excerpt":{"rendered":"<p>La Direcci\u00f3n del Instituto Superior N\u00b0 816 de la ciudad de Rawson hace el&nbsp;&nbsp;&nbsp;llamado abierto y p\u00fablico para la cobertura de las siguientes UC 2022: PROFESORADO DE EDUCACI\u00d3N PRIMARIA 1ER a\u00f1o PEDAGOG\u00cdA: Interino. 3 hs c\u00e1tedras. Asignatura- Anual. Perfil del docente: Formaci\u00f3n en Ciencia de la Educaci\u00f3n o equivalente, con orientaci\u00f3n y\/o experiencia en Pedagog\u00eda. &#8230; <a title=\"Llamado UC (Prof. Ed. Primaria)\" class=\"read-more\" href=\"https:\/\/isfd816-chu.infd.edu.ar\/sitio\/llamado-uc-prof-ed-primaria\/\" aria-label=\"More on Llamado UC (Prof. Ed. Primaria)\">[+]<\/a><\/p>\n","protected":false},"author":9,"featured_media":1055,"comment_status":"open","ping_status":"open","sticky":true,"template":"","format":"standard","meta":[],"categories":[17,16,39],"tags":[77,9,20,76],"acf":[],"_links":{"self":[{"href":"https:\/\/isfd816-chu.infd.edu.ar\/sitio\/wp-json\/wp\/v2\/posts\/2027"}],"collection":[{"href":"https:\/\/isfd816-chu.infd.edu.ar\/sitio\/wp-json\/wp\/v2\/posts"}],"about":[{"href":"https:\/\/isfd816-chu.infd.edu.ar\/sitio\/wp-json\/wp\/v2\/types\/post"}],"author":[{"embeddable":true,"href":"https:\/\/isfd816-chu.infd.edu.ar\/sitio\/wp-json\/wp\/v2\/users\/9"}],"replies":[{"embeddable":true,"href":"https:\/\/isfd816-chu.infd.edu.ar\/sitio\/wp-json\/wp\/v2\/comments?post=2027"}],"version-history":[{"count":1,"href":"https:\/\/isfd816-chu.infd.edu.ar\/sitio\/wp-json\/wp\/v2\/posts\/2027\/revisions"}],"predecessor-version":[{"id":2028,"href":"https:\/\/isfd816-chu.infd.edu.ar\/sitio\/wp-json\/wp\/v2\/posts\/2027\/revisions\/2028"}],"wp:featuredmedia":[{"embeddable":true,"href":"https:\/\/isfd816-chu.infd.edu.ar\/sitio\/wp-json\/wp\/v2\/media\/1055"}],"wp:attachment":[{"href":"https:\/\/isfd816-chu.infd.edu.ar\/sitio\/wp-json\/wp\/v2\/media?parent=2027"}],"wp:term":[{"taxonomy":"category","embeddable":true,"href":"https:\/\/isfd816-chu.infd.edu.ar\/sitio\/wp-json\/wp\/v2\/categories?post=2027"},{"taxonomy":"post_tag","embeddable":true,"href":"https:\/\/isfd816-chu.infd.edu.ar\/sitio\/wp-json\/wp\/v2\/tags?post=2027"}],"curies":[{"name":"wp","href":"https:\/\/api.w.org\/{rel}","templated":true}]}}