{"id":2069,"date":"2022-03-12T21:33:00","date_gmt":"2022-03-13T00:33:00","guid":{"rendered":"https:\/\/isfd816-chu.infd.edu.ar\/sitio\/?p=2069"},"modified":"2022-03-15T21:34:53","modified_gmt":"2022-03-16T00:34:53","slug":"2do-llamado-uc-prof-secundaria-en-economia","status":"publish","type":"post","link":"https:\/\/isfd816-chu.infd.edu.ar\/sitio\/2do-llamado-uc-prof-secundaria-en-economia\/","title":{"rendered":"2do llamado UC (Prof.Secundaria en Econom\u00eda)"},"content":{"rendered":"\n<p>La Direcci\u00f3n del Instituto de Educaci\u00f3n Superior N\u00b0 816 de la ciudad de Rawson hace el llamado 2do abierto y p\u00fablico para la cobertura de las siguientes UC 2022:<\/p>\n\n\n\n<p><strong>PROFESORADO DE EDUCACI\u00d3N SECUNDARIA EN ECONOM\u00cdA<\/strong><\/p>\n\n\n\n<p>4to a\u00f1o<\/p>\n\n\n\n<p><strong><u>Filosof\u00eda de la Educaci\u00f3n<\/u><\/strong>, Seminario, Anual, Interino, 4hs. c\u00e1tedra (2hs reloj frente a estudiantes y 1 de gesti\u00f3n curricular). Perfil docente: Formaci\u00f3n espec\u00edfica en Filosof\u00eda, con formaci\u00f3n continua y\/o experiencia en el \u00e1rea de la educaci\u00f3n. Se prioriza el conocimiento y la experiencia en el Nivel Secundario<\/p>\n\n\n\n<p><strong>El llamado vence el Jueves 17 de Marzo de 2022, a las 21 hs. Lugar: Secretar\u00eda Administrativa del Instituto sita en Federicci y Vuelta de obligado, Barrio San Pablo. Escuela N\u00b0 7705 desde el lunes 21, a partir de las 18 30 hs. Consultas: ies816rw@gmail.com<\/strong><\/p>\n\n\n\n<p>Requisitos: En sobre cerrado el postulante presentar\u00e1 el Proyecto firmado con un seud\u00f3nimo, seg\u00fan pautas de presentaci\u00f3n que consta en la p\u00e1gina web. En el exterior se colocar\u00e1 seud\u00f3nimo y espacio al cual se presenta, adem\u00e1s, abrochado, un sobre con el seud\u00f3nimo que adentro contendr\u00e1 DNI, CV, declaraci\u00f3n jurada de cargos y documentaci\u00f3n respaldatoria (prioritariamente en caso de no ser personal docente del Instituto y no tener legajo; en ese caso presentar originales y copias para poder certificar, de lo contrario no tendr\u00e1 validez. El CV deber\u00e1 presentarse con el formato que figura en la web, excluyente, en car\u00e1cter de declaraci\u00f3n jurada.<\/p>\n\n\n\n<p>Consultar Dise\u00f1os curriculares, modelos de presentaci\u00f3n de proyecto, de cv y grilla tipo, en la p\u00e1gina web isfd816.chu.infd.edu.ar.<\/p>\n","protected":false},"excerpt":{"rendered":"<p>La Direcci\u00f3n del Instituto de Educaci\u00f3n Superior N\u00b0 816 de la ciudad de Rawson hace el llamado 2do abierto y p\u00fablico para la cobertura de las siguientes UC 2022: PROFESORADO DE EDUCACI\u00d3N SECUNDARIA EN ECONOM\u00cdA 4to a\u00f1o Filosof\u00eda de la Educaci\u00f3n, Seminario, Anual, Interino, 4hs. c\u00e1tedra (2hs reloj frente a estudiantes y 1 de gesti\u00f3n &#8230; <a title=\"2do llamado UC (Prof.Secundaria en Econom\u00eda)\" class=\"read-more\" href=\"https:\/\/isfd816-chu.infd.edu.ar\/sitio\/2do-llamado-uc-prof-secundaria-en-economia\/\" aria-label=\"More on 2do llamado UC (Prof.Secundaria en Econom\u00eda)\">[+]<\/a><\/p>\n","protected":false},"author":9,"featured_media":1057,"comment_status":"open","ping_status":"open","sticky":false,"template":"","format":"standard","meta":[],"categories":[17,16],"tags":[9,80,20],"acf":[],"_links":{"self":[{"href":"https:\/\/isfd816-chu.infd.edu.ar\/sitio\/wp-json\/wp\/v2\/posts\/2069"}],"collection":[{"href":"https:\/\/isfd816-chu.infd.edu.ar\/sitio\/wp-json\/wp\/v2\/posts"}],"about":[{"href":"https:\/\/isfd816-chu.infd.edu.ar\/sitio\/wp-json\/wp\/v2\/types\/post"}],"author":[{"embeddable":true,"href":"https:\/\/isfd816-chu.infd.edu.ar\/sitio\/wp-json\/wp\/v2\/users\/9"}],"replies":[{"embeddable":true,"href":"https:\/\/isfd816-chu.infd.edu.ar\/sitio\/wp-json\/wp\/v2\/comments?post=2069"}],"version-history":[{"count":1,"href":"https:\/\/isfd816-chu.infd.edu.ar\/sitio\/wp-json\/wp\/v2\/posts\/2069\/revisions"}],"predecessor-version":[{"id":2070,"href":"https:\/\/isfd816-chu.infd.edu.ar\/sitio\/wp-json\/wp\/v2\/posts\/2069\/revisions\/2070"}],"wp:featuredmedia":[{"embeddable":true,"href":"https:\/\/isfd816-chu.infd.edu.ar\/sitio\/wp-json\/wp\/v2\/media\/1057"}],"wp:attachment":[{"href":"https:\/\/isfd816-chu.infd.edu.ar\/sitio\/wp-json\/wp\/v2\/media?parent=2069"}],"wp:term":[{"taxonomy":"category","embeddable":true,"href":"https:\/\/isfd816-chu.infd.edu.ar\/sitio\/wp-json\/wp\/v2\/categories?post=2069"},{"taxonomy":"post_tag","embeddable":true,"href":"https:\/\/isfd816-chu.infd.edu.ar\/sitio\/wp-json\/wp\/v2\/tags?post=2069"}],"curies":[{"name":"wp","href":"https:\/\/api.w.org\/{rel}","templated":true}]}}