{"id":2109,"date":"2022-03-22T06:10:21","date_gmt":"2022-03-22T09:10:21","guid":{"rendered":"https:\/\/isfd816-chu.infd.edu.ar\/sitio\/?p=2109"},"modified":"2022-03-22T06:10:23","modified_gmt":"2022-03-22T09:10:23","slug":"llamado-uc-prof-matematica-5","status":"publish","type":"post","link":"https:\/\/isfd816-chu.infd.edu.ar\/sitio\/llamado-uc-prof-matematica-5\/","title":{"rendered":"Llamado UC (Prof. Matem\u00e1tica)"},"content":{"rendered":"\n<p>La Direcci\u00f3n del Instituto de\u00a0Educaci\u00f3n\u00a0Superior N\u00b0 816 de la ciudad de Rawson hace el llamado abierto y p\u00fablico para la cobertura de la siguiente UC 2022:<br><strong>PROFESORADO DE EDUCACI\u00d3N SECUNDARIA EN MATEM\u00c1TICA<\/strong>\u00a0\u2013 RES. 543_19 (<a href=\"https:\/\/drive.google.com\/file\/d\/14UPBQzotrRHQZzv4OO9a34wfQFGAlwBT\/view?usp=sharing\">Dise\u00f1o en la web del Instituto<\/a>)<br>1\u00b0 A\u00d1O.<\/p>\n\n\n\n<p><strong>El Quehacer Matem\u00e1tico.<\/strong>\u00a0Taller. Anual. Interino\/a. 1\u00b0 a\u00f1o \u2013 3hs. c\u00e1tedra\u00a0Perfil docente: Profesor\/a de Matem\u00e1tica<br>Introducci\u00f3n al An\u00e1lisis de Funciones.\u00a0Asignatura. Anual. Interino\/a. 1\u00b0 a\u00f1o \u2013 5hs. c\u00e1tedra\u00a0Perfil docente: Profesor\/a de Matem\u00e1tica.<\/p>\n\n\n\n<p><br><strong>\u00c1lgebra<\/strong><strong style=\"font-size: inherit;\"> de los Conjuntos Num\u00e9ricos<\/strong><span style=\"font-size: inherit;\">.\u00a0Asignatura. Anual. Interino\/a. 1\u00b0 a\u00f1o \u2013 6hs. c\u00e1tedra\u00a0Perfil docente: Profesor\/a de Matem\u00e1tica<\/span><div><div>Aclaraci\u00f3n Importante: en caso de salir en primer lugar del orden de m\u00e9rito se analizar\u00e1 la DDJJ de cargos para garantizar que no se encuentra incompatible, esto es excluyente para poder hacerse cargo de la Unidad Curricular.<\/div><\/div><\/p>\n\n\n\n<p><div><div><br><strong>El llamado vence el Viernes 25 de marzo de 2022, a las 21 hs.\u00a0Lugar: Secretar\u00eda Administrativa del Instituto sita en Federicci y Vuelta de obligado, Barrio San Pablo. Escuela N\u00b0 7705 desde 19 hs. Consultas:\u00a0ies816rw@g<\/strong><a rel=\"noreferrer noopener\" href=\"mailto:ies816rw@gmail.com\" target=\"_blank\">mail.com<\/a><\/div><\/div><\/p>\n\n\n\n<p><strong>Requisitos:<\/strong>\u00a0En sobre cerrado el postulante presentar\u00e1 el Proyecto firmado con un seud\u00f3nimo, seg\u00fan pautas de presentaci\u00f3n que consta en la p\u00e1gina web. En el exterior se colocar\u00e1 seud\u00f3nimo y espacio al cual se presenta, adem\u00e1s, abrochado, un sobre con el seud\u00f3nimo que adentro contendr\u00e1 DNI, CV, declaraci\u00f3n jurada de cargos y documentaci\u00f3n respaldatoria (prioritariamente en caso de no ser personal docente del Instituto y no tener legajo; en ese caso presentar originales y copias para poder certificar, de lo contrario no tendr\u00e1 validez. El CV deber\u00e1 presentarse con el formato que figura en la web, excluyente, en car\u00e1cter de declaraci\u00f3n jurada.<\/p>\n\n\n\n<p>Consultar Dise\u00f1os curriculares, modelos de presentaci\u00f3n de proyecto, de cv y grilla tipo, en la p\u00e1gina web&nbsp;<a href=\"https:\/\/isfd816-chu.infd.edu.ar\/\" target=\"_blank\" rel=\"noreferrer noopener\">https:\/\/isfd816-chu.infd.edu.ar\/<\/a><\/p>\n\n\n\n<p>. Asignatura. Anual. Interino\/a. 1\u00b0 a\u00f1o \u2013 6hs. c\u00e1tedra Perfil docente: Profesor\/a de Matem\u00e1tica<\/p>\n\n\n\n<p><strong>Aclaraci\u00f3n Importante<\/strong>: en caso de salir en primer lugar del orden de m\u00e9rito se analizar\u00e1 la DDJJ de cargos para garantizar que no se encuentra incompatible, esto es excluyente para poder hacerse cargo de la Unidad Curricular.<\/p>\n\n\n\n<p>El llamado vence el Viernes 25 de marzo de 2022, a las 21 hs. Lugar: Secretar\u00eda Administrativa del Instituto sita en Federicci y Vuelta de obligado, Barrio San Pablo. Escuela N\u00b0 7705 desde 19 hs. <\/p>\n\n\n\n<p>Consultas: ies816rw@gmail.comRequisitos: En sobre cerrado el postulante presentar\u00e1 el Proyecto firmado con un seud\u00f3nimo, seg\u00fan pautas de presentaci\u00f3n que consta en la p\u00e1gina web. En el exterior se colocar\u00e1 seud\u00f3nimo y espacio al cual se presenta, adem\u00e1s, abrochado, un sobre con el seud\u00f3nimo que adentro contendr\u00e1 DNI, CV, declaraci\u00f3n jurada de cargos y documentaci\u00f3n respaldatoria (prioritariamente en caso de no ser personal docente del Instituto y no tener legajo; en ese caso presentar originales y copias para poder certificar, de lo contrario no tendr\u00e1 validez. El CV deber\u00e1 presentarse con el formato que figura en la web, excluyente, en car\u00e1cter de declaraci\u00f3n jurada.Consultar Dise\u00f1os curriculares, modelos de presentaci\u00f3n de proyecto, de cv y grilla tipo, en la p\u00e1gina web: https:\/\/isfd816-chu.infd.edu.ar\/<\/p>\n\n\n\n<p><\/p>\n","protected":false},"excerpt":{"rendered":"<p>La Direcci\u00f3n del Instituto de\u00a0Educaci\u00f3n\u00a0Superior N\u00b0 816 de la ciudad de Rawson hace el llamado abierto y p\u00fablico para la cobertura de la siguiente UC 2022:PROFESORADO DE EDUCACI\u00d3N SECUNDARIA EN MATEM\u00c1TICA\u00a0\u2013 RES. 543_19 (Dise\u00f1o en la web del Instituto)1\u00b0 A\u00d1O. El Quehacer Matem\u00e1tico.\u00a0Taller. Anual. Interino\/a. 1\u00b0 a\u00f1o \u2013 3hs. c\u00e1tedra\u00a0Perfil docente: Profesor\/a de Matem\u00e1ticaIntroducci\u00f3n al &#8230; <a title=\"Llamado UC (Prof. Matem\u00e1tica)\" class=\"read-more\" href=\"https:\/\/isfd816-chu.infd.edu.ar\/sitio\/llamado-uc-prof-matematica-5\/\" aria-label=\"More on Llamado UC (Prof. Matem\u00e1tica)\">[+]<\/a><\/p>\n","protected":false},"author":9,"featured_media":0,"comment_status":"open","ping_status":"open","sticky":false,"template":"","format":"standard","meta":[],"categories":[1],"tags":[9,81,82],"acf":[],"_links":{"self":[{"href":"https:\/\/isfd816-chu.infd.edu.ar\/sitio\/wp-json\/wp\/v2\/posts\/2109"}],"collection":[{"href":"https:\/\/isfd816-chu.infd.edu.ar\/sitio\/wp-json\/wp\/v2\/posts"}],"about":[{"href":"https:\/\/isfd816-chu.infd.edu.ar\/sitio\/wp-json\/wp\/v2\/types\/post"}],"author":[{"embeddable":true,"href":"https:\/\/isfd816-chu.infd.edu.ar\/sitio\/wp-json\/wp\/v2\/users\/9"}],"replies":[{"embeddable":true,"href":"https:\/\/isfd816-chu.infd.edu.ar\/sitio\/wp-json\/wp\/v2\/comments?post=2109"}],"version-history":[{"count":1,"href":"https:\/\/isfd816-chu.infd.edu.ar\/sitio\/wp-json\/wp\/v2\/posts\/2109\/revisions"}],"predecessor-version":[{"id":2110,"href":"https:\/\/isfd816-chu.infd.edu.ar\/sitio\/wp-json\/wp\/v2\/posts\/2109\/revisions\/2110"}],"wp:attachment":[{"href":"https:\/\/isfd816-chu.infd.edu.ar\/sitio\/wp-json\/wp\/v2\/media?parent=2109"}],"wp:term":[{"taxonomy":"category","embeddable":true,"href":"https:\/\/isfd816-chu.infd.edu.ar\/sitio\/wp-json\/wp\/v2\/categories?post=2109"},{"taxonomy":"post_tag","embeddable":true,"href":"https:\/\/isfd816-chu.infd.edu.ar\/sitio\/wp-json\/wp\/v2\/tags?post=2109"}],"curies":[{"name":"wp","href":"https:\/\/api.w.org\/{rel}","templated":true}]}}