{"id":2111,"date":"2022-03-22T06:12:47","date_gmt":"2022-03-22T09:12:47","guid":{"rendered":"https:\/\/isfd816-chu.infd.edu.ar\/sitio\/?p=2111"},"modified":"2022-03-22T06:12:48","modified_gmt":"2022-03-22T09:12:48","slug":"llamado-uc-prof-educ-sec-en-economia","status":"publish","type":"post","link":"https:\/\/isfd816-chu.infd.edu.ar\/sitio\/llamado-uc-prof-educ-sec-en-economia\/","title":{"rendered":"llamado UC (Prof. Educ.Sec.en Econom\u00eda)"},"content":{"rendered":"\n<p>La Direcci\u00f3n del Instituto de Educaci\u00f3n Superior N\u00b0 816 de la ciudad de Rawson hace el llamado abierto y p\u00fablico para la cobertura de la siguiente UC 2022:<\/p>\n\n\n\n<p><strong>PROFESORADO DE EDUCACI\u00d3N SECUNDARIA EN ECONOM\u00cdA.<\/strong><\/p>\n\n\n\n<p><strong><u>1er a\u00f1o<\/u><\/strong><\/p>\n\n\n\n<p><strong><u>Psicolog\u00eda Educacional<\/u><\/strong>, Suplencia, Asignatura, Anual, 4hs. c\u00e1tedra ( 3hs. frente a alumnos y 1 de gesti\u00f3n curricular.<\/p>\n\n\n\n<p>Perfil docente: Formaci\u00f3n espec\u00edfica en Psicolog\u00eda Educacional y\/o en Ciencias de la Educaci\u00f3n, con orientaci\u00f3n y experiencia en el \u00e1rea de la psicolog\u00eda.<\/p>\n\n\n\n<p>&nbsp;<strong>El llamado vence el Mi\u00e9rcoles 23 de marzo de 2022 a las 21 hs.<\/strong><\/p>\n\n\n\n<p>Lugar: Secretar\u00eda Administrativa del Instituto sita en Federicci y Vuelta de obligado, Barrio San Pablo. Escuela N\u00b0 7705 desde 18 30 hs. Consultas:&nbsp;<a href=\"https:\/\/isfd816-chu.infd.edu.ar\/aula\/mailto:ies816rw@gmail.com\" target=\"_blank\" rel=\"noreferrer noopener\">ies816rw@gmail.com<\/a><\/p>\n\n\n\n<p><strong>Requisitos<\/strong>: presentar DNI, CV, declaraci\u00f3n jurada de cargos y documentaci\u00f3n respaldatoria (prioritariamente en caso de no ser personal docente del Instituto y no tener legajo; en ese caso presentar originales y copias para poder certificar, de lo contrario no tendr\u00e1 validez.&nbsp;<strong>El CV&nbsp;deber\u00e1 presentarse con el formato que figura en la web, excluyente, en car\u00e1cter de declaraci\u00f3n jurada.<\/strong><\/p>\n\n\n\n<p>Consultar Dise\u00f1os curriculares, modelos de presentaci\u00f3n de cv y grilla tipo, en la p\u00e1gina web\u00a0<a rel=\"noreferrer noopener\" href=\"http:\/\/isfd816.chu.infd.edu.ar\/\" target=\"_blank\">isfd816.chu.infd.edu.ar<\/a>.<\/p>\n","protected":false},"excerpt":{"rendered":"<p>La Direcci\u00f3n del Instituto de Educaci\u00f3n Superior N\u00b0 816 de la ciudad de Rawson hace el llamado abierto y p\u00fablico para la cobertura de la siguiente UC 2022: PROFESORADO DE EDUCACI\u00d3N SECUNDARIA EN ECONOM\u00cdA. 1er a\u00f1o Psicolog\u00eda Educacional, Suplencia, Asignatura, Anual, 4hs. c\u00e1tedra ( 3hs. frente a alumnos y 1 de gesti\u00f3n curricular. Perfil docente: &#8230; <a title=\"llamado UC (Prof. Educ.Sec.en Econom\u00eda)\" class=\"read-more\" href=\"https:\/\/isfd816-chu.infd.edu.ar\/sitio\/llamado-uc-prof-educ-sec-en-economia\/\" aria-label=\"More on llamado UC (Prof. Educ.Sec.en Econom\u00eda)\">[+]<\/a><\/p>\n","protected":false},"author":9,"featured_media":0,"comment_status":"open","ping_status":"open","sticky":false,"template":"","format":"standard","meta":[],"categories":[1],"tags":[9,80,82],"acf":[],"_links":{"self":[{"href":"https:\/\/isfd816-chu.infd.edu.ar\/sitio\/wp-json\/wp\/v2\/posts\/2111"}],"collection":[{"href":"https:\/\/isfd816-chu.infd.edu.ar\/sitio\/wp-json\/wp\/v2\/posts"}],"about":[{"href":"https:\/\/isfd816-chu.infd.edu.ar\/sitio\/wp-json\/wp\/v2\/types\/post"}],"author":[{"embeddable":true,"href":"https:\/\/isfd816-chu.infd.edu.ar\/sitio\/wp-json\/wp\/v2\/users\/9"}],"replies":[{"embeddable":true,"href":"https:\/\/isfd816-chu.infd.edu.ar\/sitio\/wp-json\/wp\/v2\/comments?post=2111"}],"version-history":[{"count":1,"href":"https:\/\/isfd816-chu.infd.edu.ar\/sitio\/wp-json\/wp\/v2\/posts\/2111\/revisions"}],"predecessor-version":[{"id":2112,"href":"https:\/\/isfd816-chu.infd.edu.ar\/sitio\/wp-json\/wp\/v2\/posts\/2111\/revisions\/2112"}],"wp:attachment":[{"href":"https:\/\/isfd816-chu.infd.edu.ar\/sitio\/wp-json\/wp\/v2\/media?parent=2111"}],"wp:term":[{"taxonomy":"category","embeddable":true,"href":"https:\/\/isfd816-chu.infd.edu.ar\/sitio\/wp-json\/wp\/v2\/categories?post=2111"},{"taxonomy":"post_tag","embeddable":true,"href":"https:\/\/isfd816-chu.infd.edu.ar\/sitio\/wp-json\/wp\/v2\/tags?post=2111"}],"curies":[{"name":"wp","href":"https:\/\/api.w.org\/{rel}","templated":true}]}}