{"id":2113,"date":"2022-03-22T20:20:42","date_gmt":"2022-03-22T23:20:42","guid":{"rendered":"https:\/\/isfd816-chu.infd.edu.ar\/sitio\/?p=2113"},"modified":"2022-03-22T20:20:44","modified_gmt":"2022-03-22T23:20:44","slug":"llamado-uc-prof-educacion-tecnologica-2","status":"publish","type":"post","link":"https:\/\/isfd816-chu.infd.edu.ar\/sitio\/llamado-uc-prof-educacion-tecnologica-2\/","title":{"rendered":"Llamado UC (Prof. Educaci\u00f3n Tecnol\u00f3gica)"},"content":{"rendered":"\n<p>La Direcci\u00f3n del Instituto de Educaci\u00f3n Superior N\u00b0 816 de la ciudad de Rawson hace el llamado abierto y p\u00fablico para la cobertura de la siguiente UC 2022:<\/p>\n\n\n\n<p>PROFESORADO DE EDUCACI\u00d3N TECNOLOGICA \u2013 RES. 311_14 (Dise\u00f1o en la web del Instituto).<\/p>\n\n\n\n<p>2\u00b0 A\u00d1O<\/p>\n\n\n\n<p><strong>Educaci\u00f3n y TIC<\/strong>. Taller. Cuatrimestral. 1er Cuatrimestre. Interino\/a. 2\u00b0 a\u00f1o \u2013 3hs. c\u00e1tedra<\/p>\n\n\n\n<p>Perfil docente: Formaci\u00f3n espec\u00edfica, orientaci\u00f3n y\/o especializaci\u00f3n en Educaci\u00f3n y TIC.<\/p>\n\n\n\n<p>Aclaraci\u00f3n importante: en caso de salir en primer lugar del orden de m\u00e9rito se analizar\u00e1 DDJJ de cargos que acredite que no se encuentra incompatible, esto es excluyente para poder hacerse cargo de la Unidad Curricular. El llamado vence el viernes 25  de marzo de 2022, a las 21 hs.Presentacion en: Secretar\u00eda Administrativa del Instituto sita en Federicci y Vuelta de obligado, Barrio San Pablo. Escuela N\u00b0 7705 desde 19 hs. Consultas: ies816rw@gmail.comRequisitos: En sobre cerrado el postulante presentar\u00e1 el Proyecto firmado con un seud\u00f3nimo, seg\u00fan pautas de presentaci\u00f3n que consta en la p\u00e1gina web. En el exterior se colocar\u00e1 seud\u00f3nimo y espacio al cual se presenta, adem\u00e1s, abrochado, un sobre con el seud\u00f3nimo que adentro contendr\u00e1 DNI, CV, declaraci\u00f3n jurada de cargos y documentaci\u00f3n respaldatoria (prioritariamente en caso de no ser personal docente del Instituto y no tener legajo; en ese caso presentar originales y copias para poder certificar, de lo contrario no tendr\u00e1 validez. El CV deber\u00e1 presentarse con el formato que figura en la web, excluyente, en car\u00e1cter de declaraci\u00f3n jurada.Consultar Dise\u00f1os curriculares, modelos de presentaci\u00f3n de proyecto, de cv y grilla tipo, en la p\u00e1gina web https:\/\/isfd816-chu.infd.edu.ar\/<\/p>\n","protected":false},"excerpt":{"rendered":"<p>La Direcci\u00f3n del Instituto de Educaci\u00f3n Superior N\u00b0 816 de la ciudad de Rawson hace el llamado abierto y p\u00fablico para la cobertura de la siguiente UC 2022: PROFESORADO DE EDUCACI\u00d3N TECNOLOGICA \u2013 RES. 311_14 (Dise\u00f1o en la web del Instituto). 2\u00b0 A\u00d1O Educaci\u00f3n y TIC. Taller. Cuatrimestral. 1er Cuatrimestre. Interino\/a. 2\u00b0 a\u00f1o \u2013 3hs. &#8230; <a title=\"Llamado UC (Prof. Educaci\u00f3n Tecnol\u00f3gica)\" class=\"read-more\" href=\"https:\/\/isfd816-chu.infd.edu.ar\/sitio\/llamado-uc-prof-educacion-tecnologica-2\/\" aria-label=\"More on Llamado UC (Prof. Educaci\u00f3n Tecnol\u00f3gica)\">[+]<\/a><\/p>\n","protected":false},"author":9,"featured_media":1057,"comment_status":"open","ping_status":"open","sticky":false,"template":"","format":"standard","meta":[],"categories":[17,16,39],"tags":[],"acf":[],"_links":{"self":[{"href":"https:\/\/isfd816-chu.infd.edu.ar\/sitio\/wp-json\/wp\/v2\/posts\/2113"}],"collection":[{"href":"https:\/\/isfd816-chu.infd.edu.ar\/sitio\/wp-json\/wp\/v2\/posts"}],"about":[{"href":"https:\/\/isfd816-chu.infd.edu.ar\/sitio\/wp-json\/wp\/v2\/types\/post"}],"author":[{"embeddable":true,"href":"https:\/\/isfd816-chu.infd.edu.ar\/sitio\/wp-json\/wp\/v2\/users\/9"}],"replies":[{"embeddable":true,"href":"https:\/\/isfd816-chu.infd.edu.ar\/sitio\/wp-json\/wp\/v2\/comments?post=2113"}],"version-history":[{"count":1,"href":"https:\/\/isfd816-chu.infd.edu.ar\/sitio\/wp-json\/wp\/v2\/posts\/2113\/revisions"}],"predecessor-version":[{"id":2114,"href":"https:\/\/isfd816-chu.infd.edu.ar\/sitio\/wp-json\/wp\/v2\/posts\/2113\/revisions\/2114"}],"wp:featuredmedia":[{"embeddable":true,"href":"https:\/\/isfd816-chu.infd.edu.ar\/sitio\/wp-json\/wp\/v2\/media\/1057"}],"wp:attachment":[{"href":"https:\/\/isfd816-chu.infd.edu.ar\/sitio\/wp-json\/wp\/v2\/media?parent=2113"}],"wp:term":[{"taxonomy":"category","embeddable":true,"href":"https:\/\/isfd816-chu.infd.edu.ar\/sitio\/wp-json\/wp\/v2\/categories?post=2113"},{"taxonomy":"post_tag","embeddable":true,"href":"https:\/\/isfd816-chu.infd.edu.ar\/sitio\/wp-json\/wp\/v2\/tags?post=2113"}],"curies":[{"name":"wp","href":"https:\/\/api.w.org\/{rel}","templated":true}]}}