{"id":2132,"date":"2022-04-05T21:42:22","date_gmt":"2022-04-06T00:42:22","guid":{"rendered":"https:\/\/isfd816-chu.infd.edu.ar\/sitio\/?p=2132"},"modified":"2022-04-05T21:42:24","modified_gmt":"2022-04-06T00:42:24","slug":"llamado-suplencia-cargo-bedel","status":"publish","type":"post","link":"https:\/\/isfd816-chu.infd.edu.ar\/sitio\/llamado-suplencia-cargo-bedel\/","title":{"rendered":"Llamado suplencia cargo Bedel"},"content":{"rendered":"\n<p>La Direcci\u00f3n del Instituto de Educaci\u00f3n Superior N\u00b0 816 de la ciudad de Rawson llama a concurso p\u00fablico de t\u00edtulos y antecedentes para la cobertura de la suplencia del cargo de Bedel  (25hs reloj), turno vespertino, a partir de 17 hs.  <\/p>\n\n\n\n<p><\/p>\n\n\n\n<p><strong>Requisitos<\/strong>: poseer t\u00edtulo docente de cualquier Nivel o Modalidad; estar habilitado\/a para desempe\u00f1ar cargos p\u00fablicos.El llamado vence el Viernes 8 de Abril de 2022 a las 21 hs.Lugar: Secretar\u00eda Administrativa del Instituto sita en Federicci y Vuelta de obligado, Barrio San Pablo. Escuela N\u00b0 7705 desde 18 30 hs. <\/p>\n\n\n\n<p><strong>Consultas<\/strong>: ies816rw@gmail.com Requisitos: Presentar DNI, CV, declaraci\u00f3n jurada de cargos y documentaci\u00f3n respaldatoria (prioritariamente en caso de no ser personal docente del Instituto y no tener legajo; en ese caso presentar originales y copias para poder certificar, de lo contrario no tendr\u00e1 validez. <\/p>\n\n\n\n<p>El CV deber\u00e1 presentarse con el formato que figura en la web, excluyente, en car\u00e1cter de declaraci\u00f3n jurada.Consultar modelos de cv y grilla tipo, en la p\u00e1gina web isfd816.chu.infd.edu.ar.<\/p>\n","protected":false},"excerpt":{"rendered":"<p>La Direcci\u00f3n del Instituto de Educaci\u00f3n Superior N\u00b0 816 de la ciudad de Rawson llama a concurso p\u00fablico de t\u00edtulos y antecedentes para la cobertura de la suplencia del cargo de Bedel (25hs reloj), turno vespertino, a partir de 17 hs. Requisitos: poseer t\u00edtulo docente de cualquier Nivel o Modalidad; estar habilitado\/a para desempe\u00f1ar cargos &#8230; <a title=\"Llamado suplencia cargo Bedel\" class=\"read-more\" href=\"https:\/\/isfd816-chu.infd.edu.ar\/sitio\/llamado-suplencia-cargo-bedel\/\" aria-label=\"More on Llamado suplencia cargo Bedel\">[+]<\/a><\/p>\n","protected":false},"author":9,"featured_media":1079,"comment_status":"open","ping_status":"open","sticky":false,"template":"","format":"standard","meta":[],"categories":[18,17,16,39],"tags":[84,85,86],"acf":[],"_links":{"self":[{"href":"https:\/\/isfd816-chu.infd.edu.ar\/sitio\/wp-json\/wp\/v2\/posts\/2132"}],"collection":[{"href":"https:\/\/isfd816-chu.infd.edu.ar\/sitio\/wp-json\/wp\/v2\/posts"}],"about":[{"href":"https:\/\/isfd816-chu.infd.edu.ar\/sitio\/wp-json\/wp\/v2\/types\/post"}],"author":[{"embeddable":true,"href":"https:\/\/isfd816-chu.infd.edu.ar\/sitio\/wp-json\/wp\/v2\/users\/9"}],"replies":[{"embeddable":true,"href":"https:\/\/isfd816-chu.infd.edu.ar\/sitio\/wp-json\/wp\/v2\/comments?post=2132"}],"version-history":[{"count":1,"href":"https:\/\/isfd816-chu.infd.edu.ar\/sitio\/wp-json\/wp\/v2\/posts\/2132\/revisions"}],"predecessor-version":[{"id":2133,"href":"https:\/\/isfd816-chu.infd.edu.ar\/sitio\/wp-json\/wp\/v2\/posts\/2132\/revisions\/2133"}],"wp:featuredmedia":[{"embeddable":true,"href":"https:\/\/isfd816-chu.infd.edu.ar\/sitio\/wp-json\/wp\/v2\/media\/1079"}],"wp:attachment":[{"href":"https:\/\/isfd816-chu.infd.edu.ar\/sitio\/wp-json\/wp\/v2\/media?parent=2132"}],"wp:term":[{"taxonomy":"category","embeddable":true,"href":"https:\/\/isfd816-chu.infd.edu.ar\/sitio\/wp-json\/wp\/v2\/categories?post=2132"},{"taxonomy":"post_tag","embeddable":true,"href":"https:\/\/isfd816-chu.infd.edu.ar\/sitio\/wp-json\/wp\/v2\/tags?post=2132"}],"curies":[{"name":"wp","href":"https:\/\/api.w.org\/{rel}","templated":true}]}}