{"id":2137,"date":"2022-04-14T00:19:19","date_gmt":"2022-04-14T03:19:19","guid":{"rendered":"https:\/\/isfd816-chu.infd.edu.ar\/sitio\/?p=2137"},"modified":"2022-04-14T00:19:20","modified_gmt":"2022-04-14T03:19:20","slug":"llamado-uc-adm-publica-2","status":"publish","type":"post","link":"https:\/\/isfd816-chu.infd.edu.ar\/sitio\/llamado-uc-adm-publica-2\/","title":{"rendered":"Llamado UC (Adm. P\u00fablica)"},"content":{"rendered":"\n<p>La UC Gesti\u00f3n p\u00fablica es una Suplencia GESTI\u00d3N P\u00fablica, 4 hs. c\u00e1tedra, Taller, Suplencia. Perfiles docentes: Profesor y\/o Licenciado en Econom\u00eda, Licenciado en Administraci\u00f3n, Licenciado en Ciencias Pol\u00edticas, Profesional con t\u00edtulo habilitante preferentemente con experiencia en administraci\u00f3n p\u00fablica. Presentar solo CV y documentaci\u00f3n respaldatoria. Horario: Martes de 19.50 hs. a 22.30 hs.Finalizaci\u00f3n del llamado: 20\/04\/2022 a las 21.00 hs. Presentarse en Administraci\u00f3n, Escuela 7705 de Rawson, Federicci y Vuelta de Obligado, a partir de las 19hs.Importante: se analizar\u00e1 la situaci\u00f3n de revista de quien figure en 1er lugar en el orden de m\u00e9rito, para evitar incompatibilidad, antes de tomar efectivamente las horas.Presentacion:  DNI, CV, declaraci\u00f3n jurada con el formato que figura en la web (excluyente), certificaci\u00f3n de servicios y documentaci\u00f3n respaldatoria (sino consta en el legajo que obra en la instituci\u00f3n).Consultar Dise\u00f1os curriculares, modelos de presentaci\u00f3n de proyecto, de cv y grilla tipo, en la p\u00e1gina web isfd816-chu.infd.edu.ar. <\/p>\n","protected":false},"excerpt":{"rendered":"<p>La UC Gesti\u00f3n p\u00fablica es una Suplencia GESTI\u00d3N P\u00fablica, 4 hs. c\u00e1tedra, Taller, Suplencia. Perfiles docentes: Profesor y\/o Licenciado en Econom\u00eda, Licenciado en Administraci\u00f3n, Licenciado en Ciencias Pol\u00edticas, Profesional con t\u00edtulo habilitante preferentemente con experiencia en administraci\u00f3n p\u00fablica. Presentar solo CV y documentaci\u00f3n respaldatoria. Horario: Martes de 19.50 hs. a 22.30 hs.Finalizaci\u00f3n del llamado: 20\/04\/2022 &#8230; <a title=\"Llamado UC (Adm. P\u00fablica)\" class=\"read-more\" href=\"https:\/\/isfd816-chu.infd.edu.ar\/sitio\/llamado-uc-adm-publica-2\/\" aria-label=\"More on Llamado UC (Adm. P\u00fablica)\">[+]<\/a><\/p>\n","protected":false},"author":9,"featured_media":1061,"comment_status":"open","ping_status":"open","sticky":false,"template":"","format":"standard","meta":[],"categories":[17,16],"tags":[82,90,89],"acf":[],"_links":{"self":[{"href":"https:\/\/isfd816-chu.infd.edu.ar\/sitio\/wp-json\/wp\/v2\/posts\/2137"}],"collection":[{"href":"https:\/\/isfd816-chu.infd.edu.ar\/sitio\/wp-json\/wp\/v2\/posts"}],"about":[{"href":"https:\/\/isfd816-chu.infd.edu.ar\/sitio\/wp-json\/wp\/v2\/types\/post"}],"author":[{"embeddable":true,"href":"https:\/\/isfd816-chu.infd.edu.ar\/sitio\/wp-json\/wp\/v2\/users\/9"}],"replies":[{"embeddable":true,"href":"https:\/\/isfd816-chu.infd.edu.ar\/sitio\/wp-json\/wp\/v2\/comments?post=2137"}],"version-history":[{"count":1,"href":"https:\/\/isfd816-chu.infd.edu.ar\/sitio\/wp-json\/wp\/v2\/posts\/2137\/revisions"}],"predecessor-version":[{"id":2138,"href":"https:\/\/isfd816-chu.infd.edu.ar\/sitio\/wp-json\/wp\/v2\/posts\/2137\/revisions\/2138"}],"wp:featuredmedia":[{"embeddable":true,"href":"https:\/\/isfd816-chu.infd.edu.ar\/sitio\/wp-json\/wp\/v2\/media\/1061"}],"wp:attachment":[{"href":"https:\/\/isfd816-chu.infd.edu.ar\/sitio\/wp-json\/wp\/v2\/media?parent=2137"}],"wp:term":[{"taxonomy":"category","embeddable":true,"href":"https:\/\/isfd816-chu.infd.edu.ar\/sitio\/wp-json\/wp\/v2\/categories?post=2137"},{"taxonomy":"post_tag","embeddable":true,"href":"https:\/\/isfd816-chu.infd.edu.ar\/sitio\/wp-json\/wp\/v2\/tags?post=2137"}],"curies":[{"name":"wp","href":"https:\/\/api.w.org\/{rel}","templated":true}]}}