{"id":2139,"date":"2022-04-14T00:24:15","date_gmt":"2022-04-14T03:24:15","guid":{"rendered":"https:\/\/isfd816-chu.infd.edu.ar\/sitio\/?p=2139"},"modified":"2022-04-14T00:24:16","modified_gmt":"2022-04-14T03:24:16","slug":"llamado-uc-tec-en-adm-publica","status":"publish","type":"post","link":"https:\/\/isfd816-chu.infd.edu.ar\/sitio\/llamado-uc-tec-en-adm-publica\/","title":{"rendered":"Llamado UC (Tec. en Adm. P\u00fablica)"},"content":{"rendered":"\n<p>La Direcci\u00f3n del Instituto de Educaci\u00f3n Superior N\u00b0 816 de la ciudad de Rawson hace el llamado&nbsp; abierto y p\u00fablico para la cobertura de las siguientes UC 2022:<\/p>\n\n\n\n<p>1er a\u00f1o<\/p>\n\n\n\n<p>TECNOLOG\u00cdAS INFORM\u00c1TICAS PARA LA GESTI\u00d3N, 4hs. c\u00e1tedra, Taller, Interino. Perfiles docentes Profesor y\/o Licenciado en Computaci\u00f3n, Profesor en Tecnolog\u00eda, Profesional con t\u00edtulo habilitante preferentemente con experiencia en Administraci\u00f3n P\u00fablica. Horario: Mi\u00e9rcoles de 17hs a 19.10 hs.<\/p>\n\n\n\n<p>&nbsp;2do a\u00f1o<\/p>\n\n\n\n<p>ECONOM\u00cdA LOCAL, REGIONAL Y GLOBAL, 5 hs. c\u00e1tedra, Asignatura, Interino. &nbsp;Perfiles docentes Lic. en Ciencias Econ\u00f3micas, Profesional con t\u00edtulo habilitante preferentemente con experiencia en Administraci\u00f3n P\u00fablica. Horario: Martes de 18 30 hs. a 21. 50 hs<\/p>\n\n\n\n<p>&nbsp;3er. A\u00f1o<\/p>\n\n\n\n<p>GESTI\u00d3N P\u00daBLICA, 4 hs. c\u00e1tedra, Taller, Interino, &nbsp;Perfiles docentes: Profesor y\/o Licenciado en Econom\u00eda, Licenciado en Administraci\u00f3n, Licenciado en Ciencias Pol\u00edticas, Profesional con t\u00edtulo habilitante preferentemente con experiencia en administraci\u00f3n p\u00fablica. Horario: Martes de 19.50 hs. a 22.30 hs.<\/p>\n\n\n\n<p>&nbsp;<strong><u>Finalizaci\u00f3n del llamado<\/u><\/strong>: 20\/04\/2022 a las 21.00 hs. Presentarse en Administraci\u00f3n, Escuela 7705 de Rawson, Federicci y Vuelta de Obligado, a partir de las 19hs.<\/p>\n\n\n\n<p><strong><u>Importante:<\/u><\/strong>&nbsp;se analizar\u00e1 la situaci\u00f3n de revista de quien figure en 1er lugar en el orden de m\u00e9rito, para evitar incompatibilidad, antes de tomar efectivamente las horas.<\/p>\n\n\n\n<p><strong><u>Presentacion<\/u><\/strong>: En sobre cerrado el postulante presentar\u00e1 el Proyecto firmado con un seud\u00f3nimo. En el exterior se colocar\u00e1 seud\u00f3nimo y espacio al cual se presenta, adem\u00e1s, abrochado, un sobre con el seud\u00f3nimo que adentro contendr\u00e1 DNI, CV con el formato que figura en la web (excluyente), certificaci\u00f3n de servicios y documentaci\u00f3n respaldatoria (sino consta en el legajo que obra en la instituci\u00f3n).<\/p>\n\n\n\n<p>Consultar Dise\u00f1os curriculares, modelos de presentaci\u00f3n de proyecto, de cv y grilla tipo, en la p\u00e1gina web&nbsp;<a href=\"http:\/\/isfd816-chu.infd.edu.ar\/\" target=\"_blank\" rel=\"noreferrer noopener\">isfd816-chu.infd.edu.ar<\/a>.<\/p>\n","protected":false},"excerpt":{"rendered":"<p>La Direcci\u00f3n del Instituto de Educaci\u00f3n Superior N\u00b0 816 de la ciudad de Rawson hace el llamado&nbsp; abierto y p\u00fablico para la cobertura de las siguientes UC 2022: 1er a\u00f1o TECNOLOG\u00cdAS INFORM\u00c1TICAS PARA LA GESTI\u00d3N, 4hs. c\u00e1tedra, Taller, Interino. Perfiles docentes Profesor y\/o Licenciado en Computaci\u00f3n, Profesor en Tecnolog\u00eda, Profesional con t\u00edtulo habilitante preferentemente con &#8230; <a title=\"Llamado UC (Tec. en Adm. P\u00fablica)\" class=\"read-more\" href=\"https:\/\/isfd816-chu.infd.edu.ar\/sitio\/llamado-uc-tec-en-adm-publica\/\" aria-label=\"More on Llamado UC (Tec. en Adm. P\u00fablica)\">[+]<\/a><\/p>\n","protected":false},"author":9,"featured_media":1057,"comment_status":"open","ping_status":"open","sticky":false,"template":"","format":"standard","meta":[],"categories":[17,16,39],"tags":[9,82,90],"acf":[],"_links":{"self":[{"href":"https:\/\/isfd816-chu.infd.edu.ar\/sitio\/wp-json\/wp\/v2\/posts\/2139"}],"collection":[{"href":"https:\/\/isfd816-chu.infd.edu.ar\/sitio\/wp-json\/wp\/v2\/posts"}],"about":[{"href":"https:\/\/isfd816-chu.infd.edu.ar\/sitio\/wp-json\/wp\/v2\/types\/post"}],"author":[{"embeddable":true,"href":"https:\/\/isfd816-chu.infd.edu.ar\/sitio\/wp-json\/wp\/v2\/users\/9"}],"replies":[{"embeddable":true,"href":"https:\/\/isfd816-chu.infd.edu.ar\/sitio\/wp-json\/wp\/v2\/comments?post=2139"}],"version-history":[{"count":1,"href":"https:\/\/isfd816-chu.infd.edu.ar\/sitio\/wp-json\/wp\/v2\/posts\/2139\/revisions"}],"predecessor-version":[{"id":2140,"href":"https:\/\/isfd816-chu.infd.edu.ar\/sitio\/wp-json\/wp\/v2\/posts\/2139\/revisions\/2140"}],"wp:featuredmedia":[{"embeddable":true,"href":"https:\/\/isfd816-chu.infd.edu.ar\/sitio\/wp-json\/wp\/v2\/media\/1057"}],"wp:attachment":[{"href":"https:\/\/isfd816-chu.infd.edu.ar\/sitio\/wp-json\/wp\/v2\/media?parent=2139"}],"wp:term":[{"taxonomy":"category","embeddable":true,"href":"https:\/\/isfd816-chu.infd.edu.ar\/sitio\/wp-json\/wp\/v2\/categories?post=2139"},{"taxonomy":"post_tag","embeddable":true,"href":"https:\/\/isfd816-chu.infd.edu.ar\/sitio\/wp-json\/wp\/v2\/tags?post=2139"}],"curies":[{"name":"wp","href":"https:\/\/api.w.org\/{rel}","templated":true}]}}