{"id":2142,"date":"2022-05-03T22:18:17","date_gmt":"2022-05-04T01:18:17","guid":{"rendered":"https:\/\/isfd816-chu.infd.edu.ar\/sitio\/?p=2142"},"modified":"2022-05-03T22:18:18","modified_gmt":"2022-05-04T01:18:18","slug":"2do-llamado-administracion-publica","status":"publish","type":"post","link":"https:\/\/isfd816-chu.infd.edu.ar\/sitio\/2do-llamado-administracion-publica\/","title":{"rendered":"2do llamado Administraci\u00f3n P\u00fablica"},"content":{"rendered":"\n<p>La Direcci\u00f3n del Instituto de Educaci\u00f3n Superior N\u00b0 816 de la ciudad de Rawson hace el 2do llamado\u00a0 abierto y p\u00fablico para la cobertura de las siguientes UC 2022:<\/p>\n\n\n\n<p><br><strong>1er a\u00f1o<\/strong><br><strong>TECNOLOG\u00cdAS INFORM\u00c1TICAS PARA LA GESTI\u00d3N<\/strong>, 4hs. c\u00e1tedra, Taller, Interino. Perfiles docentes Profesor y\/o Licenciado en Computaci\u00f3n, Profesor en Tecnolog\u00eda, Profesional con t\u00edtulo habilitante preferentemente con experiencia en Administraci\u00f3n P\u00fablica. Horario: Mi\u00e9rcoles de 17hs a 19.10 hs.<\/p>\n\n\n\n<p><br><strong>2do a\u00f1o<\/strong><br><strong>ECONOM\u00cdA LOCAL, REGIONAL Y GLOBAL<\/strong>, 5 hs. c\u00e1tedra, Asignatura, Interino. \u00a0Perfiles docentes Lic. en Ciencias Econ\u00f3micas, Profesional con t\u00edtulo habilitante preferentemente con experiencia en Administraci\u00f3n P\u00fablica. Horario: Martes de 18 30 hs. a 21. 50 hs<\/p>\n\n\n\n<p><br><em><strong>Finalizaci\u00f3n del llamado:<\/strong><\/em> <strong>viernes 6\/5\/2022 a las 21.00 hs.<\/strong> Presentarse en Administraci\u00f3n, Escuela 7705 de Rawson, Federicci y Vuelta de Obligado, a partir de las 19hs.<\/p>\n\n\n\n<p><br>Importante:\u00a0se analizar\u00e1 la situaci\u00f3n de revista de quien figure en 1er lugar en el orden de m\u00e9rito, para evitar incompatibilidad, antes de tomar efectivamente las horas.<\/p>\n\n\n\n<p><br><strong>Presentacion<\/strong>: En sobre cerrado el postulante presentar\u00e1 el Proyecto firmado con un seud\u00f3nimo. En el exterior se colocar\u00e1 seud\u00f3nimo y espacio al cual se presenta, adem\u00e1s, abrochado, un sobre con el seud\u00f3nimo que adentro contendr\u00e1 DNI, CV con el formato que figura en la web (excluyente), certificaci\u00f3n de servicios y documentaci\u00f3n respaldatoria (sino consta en el legajo que obra en la instituci\u00f3n).<br>Consultar Dise\u00f1os curriculares, modelos de presentaci\u00f3n de proyecto, de cv y grilla tipo, en la p\u00e1gina web\u00a0<a rel=\"noreferrer noopener\" href=\"http:\/\/isfd816-chu.infd.edu.ar\/\" target=\"_blank\">isfd816-chu.infd.edu.ar<\/a>.<\/p>\n","protected":false},"excerpt":{"rendered":"<p>La Direcci\u00f3n del Instituto de Educaci\u00f3n Superior N\u00b0 816 de la ciudad de Rawson hace el 2do llamado\u00a0 abierto y p\u00fablico para la cobertura de las siguientes UC 2022: 1er a\u00f1oTECNOLOG\u00cdAS INFORM\u00c1TICAS PARA LA GESTI\u00d3N, 4hs. c\u00e1tedra, Taller, Interino. Perfiles docentes Profesor y\/o Licenciado en Computaci\u00f3n, Profesor en Tecnolog\u00eda, Profesional con t\u00edtulo habilitante preferentemente con &#8230; <a title=\"2do llamado Administraci\u00f3n P\u00fablica\" class=\"read-more\" href=\"https:\/\/isfd816-chu.infd.edu.ar\/sitio\/2do-llamado-administracion-publica\/\" aria-label=\"More on 2do llamado Administraci\u00f3n P\u00fablica\">[+]<\/a><\/p>\n","protected":false},"author":9,"featured_media":1057,"comment_status":"open","ping_status":"open","sticky":false,"template":"","format":"standard","meta":[],"categories":[17,16,39],"tags":[20,82,90],"acf":[],"_links":{"self":[{"href":"https:\/\/isfd816-chu.infd.edu.ar\/sitio\/wp-json\/wp\/v2\/posts\/2142"}],"collection":[{"href":"https:\/\/isfd816-chu.infd.edu.ar\/sitio\/wp-json\/wp\/v2\/posts"}],"about":[{"href":"https:\/\/isfd816-chu.infd.edu.ar\/sitio\/wp-json\/wp\/v2\/types\/post"}],"author":[{"embeddable":true,"href":"https:\/\/isfd816-chu.infd.edu.ar\/sitio\/wp-json\/wp\/v2\/users\/9"}],"replies":[{"embeddable":true,"href":"https:\/\/isfd816-chu.infd.edu.ar\/sitio\/wp-json\/wp\/v2\/comments?post=2142"}],"version-history":[{"count":1,"href":"https:\/\/isfd816-chu.infd.edu.ar\/sitio\/wp-json\/wp\/v2\/posts\/2142\/revisions"}],"predecessor-version":[{"id":2143,"href":"https:\/\/isfd816-chu.infd.edu.ar\/sitio\/wp-json\/wp\/v2\/posts\/2142\/revisions\/2143"}],"wp:featuredmedia":[{"embeddable":true,"href":"https:\/\/isfd816-chu.infd.edu.ar\/sitio\/wp-json\/wp\/v2\/media\/1057"}],"wp:attachment":[{"href":"https:\/\/isfd816-chu.infd.edu.ar\/sitio\/wp-json\/wp\/v2\/media?parent=2142"}],"wp:term":[{"taxonomy":"category","embeddable":true,"href":"https:\/\/isfd816-chu.infd.edu.ar\/sitio\/wp-json\/wp\/v2\/categories?post=2142"},{"taxonomy":"post_tag","embeddable":true,"href":"https:\/\/isfd816-chu.infd.edu.ar\/sitio\/wp-json\/wp\/v2\/tags?post=2142"}],"curies":[{"name":"wp","href":"https:\/\/api.w.org\/{rel}","templated":true}]}}