{"id":2145,"date":"2022-05-05T21:16:43","date_gmt":"2022-05-06T00:16:43","guid":{"rendered":"https:\/\/isfd816-chu.infd.edu.ar\/sitio\/?p=2145"},"modified":"2022-05-05T21:16:44","modified_gmt":"2022-05-06T00:16:44","slug":"2do-llamado-uc-prof-matematica-y-educ-tecnologica","status":"publish","type":"post","link":"https:\/\/isfd816-chu.infd.edu.ar\/sitio\/2do-llamado-uc-prof-matematica-y-educ-tecnologica\/","title":{"rendered":"2do llamado UC PRof. Matem\u00e1tica y Educ. Tecnol\u00f3gica"},"content":{"rendered":"\n<p>La Direcci\u00f3n del Instituto de Educaci\u00f3n Superior N\u00ba816 de la ciudad de Rawson hace el 2do llamado abierto y p\u00fablico para la cobertura de las siguientes unidades curriculares;<\/p>\n\n\n\n<p><strong>Profesorado de Educaci\u00f3n Secundaria en Matem\u00e1tica<\/strong><br>4\u00ba A\u00f1o<br>An\u00e1lisis y dise\u00f1o de situaciones problem\u00e1ticas para la ense\u00f1anza.&nbsp;Suplencia. Asignatura anual. Suplente. 4\u00ba a\u00f1o.&nbsp; 3 horas.<br>Perfil docente: Profesor\/a de Matem\u00e1tica.<br>Presentar CV y nota de adhesi\u00f3n<br><br><strong>Profesorado de Educaci\u00f3n Tecnol\u00f3gica<\/strong><br><br>3\u00ba A\u00f1o<br>Sociolog\u00eda de la Educaci\u00f3n, Asignatura cuatrimestral. Suplente. 3\u00ba a\u00f1o.&nbsp; 4 horas<br>Perfil docente: Formaci\u00f3n espec\u00edfica en Sociolog\u00eda, con orientaci\u00f3n y\/o experiencia en el \u00e1rea de la educaci\u00f3n, Formaci\u00f3n en Ciencias de La Educaci\u00f3n, con orientaci\u00f3n y\/o experiencia en el \u00e1rea de la Sociolog\u00eda de la Educaci\u00f3n<br>Presentar CV y nota de adhesi\u00f3n<br><br><strong>Finalizaci\u00f3n del llamado: 6\/05\/2022 a las 21.00 hs. Presentarse en Administraci\u00f3n, Escuela 7705 de Rawson, Federicci y Vuelta de Obligado, a partir de las 19hs.<\/strong><br><strong>Importante: se analizar\u00e1 la situaci\u00f3n de revista de quien figure en 1er lugar en el orden de m\u00e9rito, para evitar incompatibilidad, antes de tomar efectivamente las horas.<\/strong><br><strong>Presentaci\u00f3n: En sobre cerrado el postulante presentar\u00e1 el Proyecto firmado con un seud\u00f3nimo. En el exterior se colocar\u00e1 seud\u00f3nimo y espacio al cual se presenta, adem\u00e1s, abrochado, un sobre con el seud\u00f3nimo que adentro contendr\u00e1 DNI, CV con el formato que figura en la web (excluyente), certificaci\u00f3n de servicios y documentaci\u00f3n respaldatoria (si no consta en el legajo que obra en la instituci\u00f3n).<\/strong><br><strong>Consultar Dise\u00f1os curriculares, modelos de presentaci\u00f3n de proyecto, de cv y grilla tipo, en la p\u00e1gina web&nbsp;<a href=\"http:\/\/isfd816-chu.infd.edu.ar\/\" target=\"_blank\" rel=\"noreferrer noopener\">isfd816-chu.infd.edu.ar<\/a>.<\/strong><\/p>\n","protected":false},"excerpt":{"rendered":"<p>La Direcci\u00f3n del Instituto de Educaci\u00f3n Superior N\u00ba816 de la ciudad de Rawson hace el 2do llamado abierto y p\u00fablico para la cobertura de las siguientes unidades curriculares; Profesorado de Educaci\u00f3n Secundaria en Matem\u00e1tica4\u00ba A\u00f1oAn\u00e1lisis y dise\u00f1o de situaciones problem\u00e1ticas para la ense\u00f1anza.&nbsp;Suplencia. Asignatura anual. Suplente. 4\u00ba a\u00f1o.&nbsp; 3 horas.Perfil docente: Profesor\/a de Matem\u00e1tica.Presentar CV &#8230; <a title=\"2do llamado UC PRof. Matem\u00e1tica y Educ. Tecnol\u00f3gica\" class=\"read-more\" href=\"https:\/\/isfd816-chu.infd.edu.ar\/sitio\/2do-llamado-uc-prof-matematica-y-educ-tecnologica\/\" aria-label=\"More on 2do llamado UC PRof. Matem\u00e1tica y Educ. Tecnol\u00f3gica\">[+]<\/a><\/p>\n","protected":false},"author":9,"featured_media":1060,"comment_status":"open","ping_status":"open","sticky":false,"template":"","format":"standard","meta":[],"categories":[17,16,39],"tags":[9,82],"acf":[],"_links":{"self":[{"href":"https:\/\/isfd816-chu.infd.edu.ar\/sitio\/wp-json\/wp\/v2\/posts\/2145"}],"collection":[{"href":"https:\/\/isfd816-chu.infd.edu.ar\/sitio\/wp-json\/wp\/v2\/posts"}],"about":[{"href":"https:\/\/isfd816-chu.infd.edu.ar\/sitio\/wp-json\/wp\/v2\/types\/post"}],"author":[{"embeddable":true,"href":"https:\/\/isfd816-chu.infd.edu.ar\/sitio\/wp-json\/wp\/v2\/users\/9"}],"replies":[{"embeddable":true,"href":"https:\/\/isfd816-chu.infd.edu.ar\/sitio\/wp-json\/wp\/v2\/comments?post=2145"}],"version-history":[{"count":1,"href":"https:\/\/isfd816-chu.infd.edu.ar\/sitio\/wp-json\/wp\/v2\/posts\/2145\/revisions"}],"predecessor-version":[{"id":2146,"href":"https:\/\/isfd816-chu.infd.edu.ar\/sitio\/wp-json\/wp\/v2\/posts\/2145\/revisions\/2146"}],"wp:featuredmedia":[{"embeddable":true,"href":"https:\/\/isfd816-chu.infd.edu.ar\/sitio\/wp-json\/wp\/v2\/media\/1060"}],"wp:attachment":[{"href":"https:\/\/isfd816-chu.infd.edu.ar\/sitio\/wp-json\/wp\/v2\/media?parent=2145"}],"wp:term":[{"taxonomy":"category","embeddable":true,"href":"https:\/\/isfd816-chu.infd.edu.ar\/sitio\/wp-json\/wp\/v2\/categories?post=2145"},{"taxonomy":"post_tag","embeddable":true,"href":"https:\/\/isfd816-chu.infd.edu.ar\/sitio\/wp-json\/wp\/v2\/tags?post=2145"}],"curies":[{"name":"wp","href":"https:\/\/api.w.org\/{rel}","templated":true}]}}