{"id":2152,"date":"2022-06-07T23:07:46","date_gmt":"2022-06-08T02:07:46","guid":{"rendered":"https:\/\/isfd816-chu.infd.edu.ar\/sitio\/?p=2152"},"modified":"2022-06-07T23:07:47","modified_gmt":"2022-06-08T02:07:47","slug":"40-aniversario-de-la-gesta-de-malvinas","status":"publish","type":"post","link":"https:\/\/isfd816-chu.infd.edu.ar\/sitio\/40-aniversario-de-la-gesta-de-malvinas\/","title":{"rendered":"40 aniversario de la Gesta de Malvinas"},"content":{"rendered":"\n<p>Estimada Comunidad Educativa: en el marco de los contenidos y saberes necesarios en la formaci\u00f3n integral de los futuros docentes en el 40 aniversario de la Gesta de Malvinas,\u00a0 este viernes 10 de junio, realizaremos la actividad del D\u00eda de la afirmaci\u00f3n de derechos soberanos en Malvinas e Islas del Atl\u00e1ntico Sur: \u00abPor qu\u00e9 Malvinas tiene un gran potencial para trabajar en el sistema educativo\u00bb.<\/p>\n\n\n\n<p><br>La actividad se llevar\u00e1 a cabo en la Escuela 7705, de 18 30 a 20 30 hs. Es obligatoria para docentes y estudiantes de los Profesorados que en ese horario cursan en la 7705 y para los docentes y estudiantes de la Pr\u00e1ctica IV de los dem\u00e1s Profesorados que cursan en las otras sedes.<\/p>\n","protected":false},"excerpt":{"rendered":"<p>Estimada Comunidad Educativa: en el marco de los contenidos y saberes necesarios en la formaci\u00f3n integral de los futuros docentes en el 40 aniversario de la Gesta de Malvinas,\u00a0 este viernes 10 de junio, realizaremos la actividad del D\u00eda de la afirmaci\u00f3n de derechos soberanos en Malvinas e Islas del Atl\u00e1ntico Sur: \u00abPor qu\u00e9 Malvinas &#8230; <a title=\"40 aniversario de la Gesta de Malvinas\" class=\"read-more\" href=\"https:\/\/isfd816-chu.infd.edu.ar\/sitio\/40-aniversario-de-la-gesta-de-malvinas\/\" aria-label=\"More on 40 aniversario de la Gesta de Malvinas\">[+]<\/a><\/p>\n","protected":false},"author":9,"featured_media":2153,"comment_status":"open","ping_status":"open","sticky":false,"template":"","format":"standard","meta":[],"categories":[8,16,39],"tags":[92,91],"acf":[],"_links":{"self":[{"href":"https:\/\/isfd816-chu.infd.edu.ar\/sitio\/wp-json\/wp\/v2\/posts\/2152"}],"collection":[{"href":"https:\/\/isfd816-chu.infd.edu.ar\/sitio\/wp-json\/wp\/v2\/posts"}],"about":[{"href":"https:\/\/isfd816-chu.infd.edu.ar\/sitio\/wp-json\/wp\/v2\/types\/post"}],"author":[{"embeddable":true,"href":"https:\/\/isfd816-chu.infd.edu.ar\/sitio\/wp-json\/wp\/v2\/users\/9"}],"replies":[{"embeddable":true,"href":"https:\/\/isfd816-chu.infd.edu.ar\/sitio\/wp-json\/wp\/v2\/comments?post=2152"}],"version-history":[{"count":1,"href":"https:\/\/isfd816-chu.infd.edu.ar\/sitio\/wp-json\/wp\/v2\/posts\/2152\/revisions"}],"predecessor-version":[{"id":2154,"href":"https:\/\/isfd816-chu.infd.edu.ar\/sitio\/wp-json\/wp\/v2\/posts\/2152\/revisions\/2154"}],"wp:featuredmedia":[{"embeddable":true,"href":"https:\/\/isfd816-chu.infd.edu.ar\/sitio\/wp-json\/wp\/v2\/media\/2153"}],"wp:attachment":[{"href":"https:\/\/isfd816-chu.infd.edu.ar\/sitio\/wp-json\/wp\/v2\/media?parent=2152"}],"wp:term":[{"taxonomy":"category","embeddable":true,"href":"https:\/\/isfd816-chu.infd.edu.ar\/sitio\/wp-json\/wp\/v2\/categories?post=2152"},{"taxonomy":"post_tag","embeddable":true,"href":"https:\/\/isfd816-chu.infd.edu.ar\/sitio\/wp-json\/wp\/v2\/tags?post=2152"}],"curies":[{"name":"wp","href":"https:\/\/api.w.org\/{rel}","templated":true}]}}