{"id":2157,"date":"2022-06-14T09:58:00","date_gmt":"2022-06-14T12:58:00","guid":{"rendered":"https:\/\/isfd816-chu.infd.edu.ar\/sitio\/?p=2157"},"modified":"2022-06-15T10:02:14","modified_gmt":"2022-06-15T13:02:14","slug":"llamado-suplencia-cargo-bedel-2","status":"publish","type":"post","link":"https:\/\/isfd816-chu.infd.edu.ar\/sitio\/llamado-suplencia-cargo-bedel-2\/","title":{"rendered":"Llamado suplencia cargo Bedel"},"content":{"rendered":"\n<p>La Direcci\u00f3n del Instituto de Educaci\u00f3n Superior N\u00b0 816 de la ciudad de Rawson llama a concurso p\u00fablico de t\u00edtulos y antecedentes para la cobertura de la suplencia del cargo de Bedel \u00a0(25hs reloj), turno vespertino, a partir de 17 hs. \u00a0Requisitos: poseer t\u00edtulo docente de cualquier Nivel o Modalidad y estar habilitado\/a para desempe\u00f1ar cargos p\u00fablicos.<\/p>\n\n\n\n<p><strong>El llamado vence el Martes 21 de Junio de 2022 a las 21 hs.&nbsp;<\/strong>Lugar: Secretar\u00eda Administrativa del Instituto sita en Federicci y Vuelta de obligado, Barrio San Pablo. Escuela N\u00b0 7705 desde 18 30 hs. Consultas:&nbsp;<a href=\"https:\/\/isfd816-chu.infd.edu.ar\/aula\/mailto:ies816rw@gmail.com\" target=\"_blank\" rel=\"noreferrer noopener\">ies816rw@gmail.com<\/a><\/p>\n\n\n\n<p><strong>&nbsp;Requisitos<\/strong>: Presentar DNI, CV, declaraci\u00f3n jurada de cargos y documentaci\u00f3n respaldatoria (prioritariamente en caso de no ser personal docente del Instituto y no tener legajo; en ese caso presentar originales y copias para poder certificar, de lo contrario no tendr\u00e1 validez.&nbsp;<strong>El CV&nbsp;deber\u00e1 presentarse con el formato que figura en la web, excluyente, en car\u00e1cter de declaraci\u00f3n jurada. Consultar la grilla de evaluaci\u00f3n en el siguiente&nbsp;<a href=\"https:\/\/docs.google.com\/spreadsheets\/d\/1NH5fuZfw2g9Mkc0NxgxVGMs5mrjAjNdo\/edit?usp=sharing&amp;ouid=108853688405707583305&amp;rtpof=true&amp;sd=true\" target=\"_blank\" rel=\"noreferrer noopener\">link<\/a><\/strong><\/p>\n","protected":false},"excerpt":{"rendered":"<p>La Direcci\u00f3n del Instituto de Educaci\u00f3n Superior N\u00b0 816 de la ciudad de Rawson llama a concurso p\u00fablico de t\u00edtulos y antecedentes para la cobertura de la suplencia del cargo de Bedel \u00a0(25hs reloj), turno vespertino, a partir de 17 hs. \u00a0Requisitos: poseer t\u00edtulo docente de cualquier Nivel o Modalidad y estar habilitado\/a para desempe\u00f1ar &#8230; <a title=\"Llamado suplencia cargo Bedel\" class=\"read-more\" href=\"https:\/\/isfd816-chu.infd.edu.ar\/sitio\/llamado-suplencia-cargo-bedel-2\/\" aria-label=\"More on Llamado suplencia cargo Bedel\">[+]<\/a><\/p>\n","protected":false},"author":9,"featured_media":1055,"comment_status":"open","ping_status":"open","sticky":false,"template":"","format":"standard","meta":[],"categories":[17,16,39],"tags":[93,9,82],"acf":[],"_links":{"self":[{"href":"https:\/\/isfd816-chu.infd.edu.ar\/sitio\/wp-json\/wp\/v2\/posts\/2157"}],"collection":[{"href":"https:\/\/isfd816-chu.infd.edu.ar\/sitio\/wp-json\/wp\/v2\/posts"}],"about":[{"href":"https:\/\/isfd816-chu.infd.edu.ar\/sitio\/wp-json\/wp\/v2\/types\/post"}],"author":[{"embeddable":true,"href":"https:\/\/isfd816-chu.infd.edu.ar\/sitio\/wp-json\/wp\/v2\/users\/9"}],"replies":[{"embeddable":true,"href":"https:\/\/isfd816-chu.infd.edu.ar\/sitio\/wp-json\/wp\/v2\/comments?post=2157"}],"version-history":[{"count":1,"href":"https:\/\/isfd816-chu.infd.edu.ar\/sitio\/wp-json\/wp\/v2\/posts\/2157\/revisions"}],"predecessor-version":[{"id":2158,"href":"https:\/\/isfd816-chu.infd.edu.ar\/sitio\/wp-json\/wp\/v2\/posts\/2157\/revisions\/2158"}],"wp:featuredmedia":[{"embeddable":true,"href":"https:\/\/isfd816-chu.infd.edu.ar\/sitio\/wp-json\/wp\/v2\/media\/1055"}],"wp:attachment":[{"href":"https:\/\/isfd816-chu.infd.edu.ar\/sitio\/wp-json\/wp\/v2\/media?parent=2157"}],"wp:term":[{"taxonomy":"category","embeddable":true,"href":"https:\/\/isfd816-chu.infd.edu.ar\/sitio\/wp-json\/wp\/v2\/categories?post=2157"},{"taxonomy":"post_tag","embeddable":true,"href":"https:\/\/isfd816-chu.infd.edu.ar\/sitio\/wp-json\/wp\/v2\/tags?post=2157"}],"curies":[{"name":"wp","href":"https:\/\/api.w.org\/{rel}","templated":true}]}}