{"id":2163,"date":"2022-07-26T18:01:00","date_gmt":"2022-07-26T21:01:00","guid":{"rendered":"https:\/\/isfd816-chu.infd.edu.ar\/sitio\/?p=2163"},"modified":"2022-07-27T06:03:56","modified_gmt":"2022-07-27T09:03:56","slug":"llamado-uc-prof-educ-inicial-2","status":"publish","type":"post","link":"https:\/\/isfd816-chu.infd.edu.ar\/sitio\/llamado-uc-prof-educ-inicial-2\/","title":{"rendered":"Llamado UC (Prof. Educ. \u0130nicial)"},"content":{"rendered":"\n<p>La Direcci\u00f3n del Instituto de Educaci\u00f3n Superior N\u00b0&nbsp;816&nbsp;de la ciudad de Rawson hace el llamado abierto para la cobertura 2022 de:<\/p>\n\n\n\n<p><strong><u>PROFESORADO DE EDUCACION INICIAL<\/u><\/strong><\/p>\n\n\n\n<p><strong>4\u00b0 A\u00f1o<\/strong><\/p>\n\n\n\n<p><strong>UDI &nbsp;del campo de la Formaci\u00f3n General \u201cSeminario de administraci\u00f3n y legislaci\u00f3n escolar\u201d.&nbsp;<\/strong>&nbsp;Cuatrimestral. 3hs. c\u00e1tedra&nbsp;<strong>Perfil docente<\/strong>: Profesor\/a con experiencia en gesti\u00f3n directiva y\/o Supervisi\u00f3n.<\/p>\n\n\n\n<p>&nbsp;<strong>Finalizaci\u00f3n del llamado<\/strong>&nbsp;29\/07\/2022 de 18 30 hasta las 21.00 hs. Lugar: Escuela N\u00b07705.<\/p>\n\n\n\n<p>&nbsp;En sobre cerrado el postulante presentar\u00e1 el Proyecto firmado con un seud\u00f3nimo. En el exterior se colocar\u00e1 seud\u00f3nimo y espacio al cual se presenta, adem\u00e1s, abrochado, un sobre con el seud\u00f3nimo que adentro contendr\u00e1 DNI,&nbsp;<strong>CV con el formato que figura en la web<\/strong>, certificaci\u00f3n de servicios y documentaci\u00f3n respaldatoria sino consta en el legajo que obra en la instituci\u00f3n. &nbsp; Consultar Dise\u00f1os curriculares, modelos de presentaci\u00f3n de proyecto, de cv y grilla tipo, en la p\u00e1gina web&nbsp;<a href=\"http:\/\/isfd816.chu.infd.edu.ar\/\" target=\"_blank\" rel=\"noreferrer noopener\">isfd816.chu.infd.edu.ar<\/a><em>.<\/em><\/p>\n","protected":false},"excerpt":{"rendered":"<p>La Direcci\u00f3n del Instituto de Educaci\u00f3n Superior N\u00b0&nbsp;816&nbsp;de la ciudad de Rawson hace el llamado abierto para la cobertura 2022 de: PROFESORADO DE EDUCACION INICIAL 4\u00b0 A\u00f1o UDI &nbsp;del campo de la Formaci\u00f3n General \u201cSeminario de administraci\u00f3n y legislaci\u00f3n escolar\u201d.&nbsp;&nbsp;Cuatrimestral. 3hs. c\u00e1tedra&nbsp;Perfil docente: Profesor\/a con experiencia en gesti\u00f3n directiva y\/o Supervisi\u00f3n. &nbsp;Finalizaci\u00f3n del llamado&nbsp;29\/07\/2022 de &#8230; <a title=\"Llamado UC (Prof. Educ. \u0130nicial)\" class=\"read-more\" href=\"https:\/\/isfd816-chu.infd.edu.ar\/sitio\/llamado-uc-prof-educ-inicial-2\/\" aria-label=\"More on Llamado UC (Prof. Educ. \u0130nicial)\">[+]<\/a><\/p>\n","protected":false},"author":9,"featured_media":1060,"comment_status":"open","ping_status":"open","sticky":false,"template":"","format":"standard","meta":[],"categories":[17,16,39],"tags":[],"acf":[],"_links":{"self":[{"href":"https:\/\/isfd816-chu.infd.edu.ar\/sitio\/wp-json\/wp\/v2\/posts\/2163"}],"collection":[{"href":"https:\/\/isfd816-chu.infd.edu.ar\/sitio\/wp-json\/wp\/v2\/posts"}],"about":[{"href":"https:\/\/isfd816-chu.infd.edu.ar\/sitio\/wp-json\/wp\/v2\/types\/post"}],"author":[{"embeddable":true,"href":"https:\/\/isfd816-chu.infd.edu.ar\/sitio\/wp-json\/wp\/v2\/users\/9"}],"replies":[{"embeddable":true,"href":"https:\/\/isfd816-chu.infd.edu.ar\/sitio\/wp-json\/wp\/v2\/comments?post=2163"}],"version-history":[{"count":1,"href":"https:\/\/isfd816-chu.infd.edu.ar\/sitio\/wp-json\/wp\/v2\/posts\/2163\/revisions"}],"predecessor-version":[{"id":2164,"href":"https:\/\/isfd816-chu.infd.edu.ar\/sitio\/wp-json\/wp\/v2\/posts\/2163\/revisions\/2164"}],"wp:featuredmedia":[{"embeddable":true,"href":"https:\/\/isfd816-chu.infd.edu.ar\/sitio\/wp-json\/wp\/v2\/media\/1060"}],"wp:attachment":[{"href":"https:\/\/isfd816-chu.infd.edu.ar\/sitio\/wp-json\/wp\/v2\/media?parent=2163"}],"wp:term":[{"taxonomy":"category","embeddable":true,"href":"https:\/\/isfd816-chu.infd.edu.ar\/sitio\/wp-json\/wp\/v2\/categories?post=2163"},{"taxonomy":"post_tag","embeddable":true,"href":"https:\/\/isfd816-chu.infd.edu.ar\/sitio\/wp-json\/wp\/v2\/tags?post=2163"}],"curies":[{"name":"wp","href":"https:\/\/api.w.org\/{rel}","templated":true}]}}