{"id":2165,"date":"2022-07-28T21:00:00","date_gmt":"2022-07-29T00:00:00","guid":{"rendered":"https:\/\/isfd816-chu.infd.edu.ar\/sitio\/?p=2165"},"modified":"2022-07-30T21:06:05","modified_gmt":"2022-07-31T00:06:05","slug":"llamado-uc-prof-educ-especial-3","status":"publish","type":"post","link":"https:\/\/isfd816-chu.infd.edu.ar\/sitio\/llamado-uc-prof-educ-especial-3\/","title":{"rendered":"Llamado UC (prof. Educ. Especial)"},"content":{"rendered":"\n<p><span style=\"font-size: inherit;\">lLa Direcci\u00f3n del Instituto de Educaci\u00f3n Superior N\u00b0 816 de la ciudad de Rawson hace el llamado abierto y p\u00fablico para la cobertura de las siguientes Unidades Curriculares: <\/span><\/p>\n\n\n\n<p><span style=\"font-size: inherit;\">2 a\u00f1o <\/span><\/p>\n\n\n\n<p><span style=\"font-size: inherit;\"><strong>Historia y Pol\u00edtica Argentina<\/strong>, anual, suplencia, 4 hs. c\u00e1tedra ( 3 hs. frente a estudiantes y 1h de gesti\u00f3n curricular). Horario: martes de 17 a 19 10 hs. Perfil docente: Formaci\u00f3n espec\u00edfica en Historia, con orientaci\u00f3n y\/o experiencia en el \u00e1rea de la educaci\u00f3n. Formaci\u00f3n en Ciencias de la Educaci\u00f3n, con orientaci\u00f3n y\/o experiencia en el \u00e1rea de la Historia de la Educaci\u00f3n<\/span><\/p>\n\n\n\n<p><span style=\"font-size: inherit;\">Presentar nota de Adhesi\u00f3n al proyecto, cv (formato que figura en la Web. EXCLUYENTE), declaraci\u00f3n jurada de cargos y documentaci\u00f3n  respaldatoria si no consta en el legajo institucional. <\/span><\/p>\n\n\n\n<p><span style=\"font-size: inherit;\"><strong>Educaci\u00f3n Temprana<\/strong>. Cuatrimestral. Suplencia, 4 horas (( 3 hs. frente a estudiantes y 1h de gesti\u00f3n curricular). Horario: lunes de 17 a 19 10. ). Perfil docente: Profesional con formaci\u00f3n espec\u00edfica en Psicolog\u00eda, Psicopedagog\u00eda y\/o en Ciencias dela Educaci\u00f3n con orientaci\u00f3n y experiencia en el \u00e1rea de la psicolog\u00eda; o un\/a Profesor\/a de Educaci\u00f3n Especial con especializaci\u00f3n en Estimulaci\u00f3n Temprana. Presentar nota de Adhesi\u00f3n al proyecto, cv (formato que figura en la Web. EXCLUYENTE), declaraci\u00f3n jurada de cargos y documentaci\u00f3n  respaldatoria si no consta en el legajo institucional. Finalizaci\u00f3n del llamado: lunes 1\u00b0 de Agosto de 2022. Presentarse en Administraci\u00f3n, Escuela 7705 de Rawson, Federicci y Vuelta de Obligado, de19hs. a 21 hs.Consultar Dise\u00f1os curriculares, modelos de presentaci\u00f3n de proyecto, de cv y grilla tipo, en la p\u00e1gina web isfd816-chu.infd.edu.ar.Noticia publicada el 27\/07\/2022 en la categor\u00eda NOTICIAS GENERALES ( Noticias generales )AccederSala de Profesores(Sala de PROFESORES del Instituto de Educaci\u00f3n Superior N\u00b0 816)Instituto de Educaci\u00f3n Superior N 816 Rawson &#8211; ChubutImportante: Este es un aviso autom\u00e1tico enviado por la plataforma.Si deseas responderlo debes ingresar al aula virtual.Red de Nodos de Institutos Superiores<\/span><\/p>\n","protected":false},"excerpt":{"rendered":"<p>lLa Direcci\u00f3n del Instituto de Educaci\u00f3n Superior N\u00b0 816 de la ciudad de Rawson hace el llamado abierto y p\u00fablico para la cobertura de las siguientes Unidades Curriculares: 2 a\u00f1o Historia y Pol\u00edtica Argentina, anual, suplencia, 4 hs. c\u00e1tedra ( 3 hs. frente a estudiantes y 1h de gesti\u00f3n curricular). Horario: martes de 17 a &#8230; <a title=\"Llamado UC (prof. Educ. Especial)\" class=\"read-more\" href=\"https:\/\/isfd816-chu.infd.edu.ar\/sitio\/llamado-uc-prof-educ-especial-3\/\" aria-label=\"More on Llamado UC (prof. Educ. Especial)\">[+]<\/a><\/p>\n","protected":false},"author":9,"featured_media":1038,"comment_status":"open","ping_status":"open","sticky":false,"template":"","format":"standard","meta":[],"categories":[17,16],"tags":[],"acf":[],"_links":{"self":[{"href":"https:\/\/isfd816-chu.infd.edu.ar\/sitio\/wp-json\/wp\/v2\/posts\/2165"}],"collection":[{"href":"https:\/\/isfd816-chu.infd.edu.ar\/sitio\/wp-json\/wp\/v2\/posts"}],"about":[{"href":"https:\/\/isfd816-chu.infd.edu.ar\/sitio\/wp-json\/wp\/v2\/types\/post"}],"author":[{"embeddable":true,"href":"https:\/\/isfd816-chu.infd.edu.ar\/sitio\/wp-json\/wp\/v2\/users\/9"}],"replies":[{"embeddable":true,"href":"https:\/\/isfd816-chu.infd.edu.ar\/sitio\/wp-json\/wp\/v2\/comments?post=2165"}],"version-history":[{"count":1,"href":"https:\/\/isfd816-chu.infd.edu.ar\/sitio\/wp-json\/wp\/v2\/posts\/2165\/revisions"}],"predecessor-version":[{"id":2166,"href":"https:\/\/isfd816-chu.infd.edu.ar\/sitio\/wp-json\/wp\/v2\/posts\/2165\/revisions\/2166"}],"wp:featuredmedia":[{"embeddable":true,"href":"https:\/\/isfd816-chu.infd.edu.ar\/sitio\/wp-json\/wp\/v2\/media\/1038"}],"wp:attachment":[{"href":"https:\/\/isfd816-chu.infd.edu.ar\/sitio\/wp-json\/wp\/v2\/media?parent=2165"}],"wp:term":[{"taxonomy":"category","embeddable":true,"href":"https:\/\/isfd816-chu.infd.edu.ar\/sitio\/wp-json\/wp\/v2\/categories?post=2165"},{"taxonomy":"post_tag","embeddable":true,"href":"https:\/\/isfd816-chu.infd.edu.ar\/sitio\/wp-json\/wp\/v2\/tags?post=2165"}],"curies":[{"name":"wp","href":"https:\/\/api.w.org\/{rel}","templated":true}]}}