{"id":2177,"date":"2022-08-05T07:24:25","date_gmt":"2022-08-05T10:24:25","guid":{"rendered":"https:\/\/isfd816-chu.infd.edu.ar\/sitio\/?p=2177"},"modified":"2022-08-05T07:27:36","modified_gmt":"2022-08-05T10:27:36","slug":"llamado-uc-prof-economia-6","status":"publish","type":"post","link":"https:\/\/isfd816-chu.infd.edu.ar\/sitio\/llamado-uc-prof-economia-6\/","title":{"rendered":"Llamado UC ( Prof. Econom\u00eda)"},"content":{"rendered":"\n<p>La Direcci\u00f3n del Instituto de Educaci\u00f3n Superior N\u00b0 816 de la ciudad de Rawson hace el llamado abierto y p\u00fablico para la cobertura de la siguiente Unidad Curricular<\/p>\n\n\n\n<p>PROFESORADO DE EDUCACION SECUNDARIA EN ECONOMIA, 3er a\u00f1o.<br><strong>Sociolog\u00eda de la E<span style=\"background-color: rgba(58, 58, 58, 0.2); font-size: inherit;\">ducaci\u00f3n<\/span><\/strong><span style=\"background-color: rgba(58, 58, 58, 0.2); font-size: inherit;\">. Cuatrimestral, Asignatura. 5 hs. C\u00e1tedra (4 hs frente a estudiantes y 1 h de gesti\u00f3n curricular) Suplencia.D\u00eda y hora de cursada: jueves de 20:30 a 22:30 hs en Anexo Escuela 752. Perfil docente: Formaci\u00f3n espec\u00edfica en Sociolog\u00eda, con orientaci\u00f3n y\/o experiencia en el \u00e1rea de la educaci\u00f3n. Formaci\u00f3n en Ciencias de la Educaci\u00f3n, con orientaci\u00f3n y\/o experiencia en el \u00e1rea de la Sociolog\u00eda de la Educaci\u00f3n.<br>Finalizaci\u00f3n del llamado: <strong>Lunes de 8 de Agosto hasta 21hs.<\/strong><\/span><div>Presentar nota de adhesi\u00f3n al proyecto, CV (Formato que figura en la web, EXCLUYENTE) declaraci\u00f3n jurada de cargos y documentaci\u00f3n respaldatoria si no consta en el legajo institucional.<br>Presentar en Administraci\u00f3n, Federicci y Vuelta de Obligado,\u00a0 Escuela 7705<\/div><\/p>\n","protected":false},"excerpt":{"rendered":"<p>La Direcci\u00f3n del Instituto de Educaci\u00f3n Superior N\u00b0 816 de la ciudad de Rawson hace el llamado abierto y p\u00fablico para la cobertura de la siguiente Unidad Curricular PROFESORADO DE EDUCACION SECUNDARIA EN ECONOMIA, 3er a\u00f1o.Sociolog\u00eda de la Educaci\u00f3n. Cuatrimestral, Asignatura. 5 hs. C\u00e1tedra (4 hs frente a estudiantes y 1 h de gesti\u00f3n curricular) &#8230; <a title=\"Llamado UC ( Prof. Econom\u00eda)\" class=\"read-more\" href=\"https:\/\/isfd816-chu.infd.edu.ar\/sitio\/llamado-uc-prof-economia-6\/\" aria-label=\"More on Llamado UC ( Prof. Econom\u00eda)\">[+]<\/a><\/p>\n","protected":false},"author":9,"featured_media":1060,"comment_status":"open","ping_status":"open","sticky":false,"template":"","format":"standard","meta":[],"categories":[17,16,39],"tags":[],"acf":[],"_links":{"self":[{"href":"https:\/\/isfd816-chu.infd.edu.ar\/sitio\/wp-json\/wp\/v2\/posts\/2177"}],"collection":[{"href":"https:\/\/isfd816-chu.infd.edu.ar\/sitio\/wp-json\/wp\/v2\/posts"}],"about":[{"href":"https:\/\/isfd816-chu.infd.edu.ar\/sitio\/wp-json\/wp\/v2\/types\/post"}],"author":[{"embeddable":true,"href":"https:\/\/isfd816-chu.infd.edu.ar\/sitio\/wp-json\/wp\/v2\/users\/9"}],"replies":[{"embeddable":true,"href":"https:\/\/isfd816-chu.infd.edu.ar\/sitio\/wp-json\/wp\/v2\/comments?post=2177"}],"version-history":[{"count":1,"href":"https:\/\/isfd816-chu.infd.edu.ar\/sitio\/wp-json\/wp\/v2\/posts\/2177\/revisions"}],"predecessor-version":[{"id":2178,"href":"https:\/\/isfd816-chu.infd.edu.ar\/sitio\/wp-json\/wp\/v2\/posts\/2177\/revisions\/2178"}],"wp:featuredmedia":[{"embeddable":true,"href":"https:\/\/isfd816-chu.infd.edu.ar\/sitio\/wp-json\/wp\/v2\/media\/1060"}],"wp:attachment":[{"href":"https:\/\/isfd816-chu.infd.edu.ar\/sitio\/wp-json\/wp\/v2\/media?parent=2177"}],"wp:term":[{"taxonomy":"category","embeddable":true,"href":"https:\/\/isfd816-chu.infd.edu.ar\/sitio\/wp-json\/wp\/v2\/categories?post=2177"},{"taxonomy":"post_tag","embeddable":true,"href":"https:\/\/isfd816-chu.infd.edu.ar\/sitio\/wp-json\/wp\/v2\/tags?post=2177"}],"curies":[{"name":"wp","href":"https:\/\/api.w.org\/{rel}","templated":true}]}}