{"id":2191,"date":"2022-08-10T19:29:01","date_gmt":"2022-08-10T22:29:01","guid":{"rendered":"https:\/\/isfd816-chu.infd.edu.ar\/sitio\/?p=2191"},"modified":"2022-08-10T19:29:02","modified_gmt":"2022-08-10T22:29:02","slug":"llamado-uc-prof-economia-7","status":"publish","type":"post","link":"https:\/\/isfd816-chu.infd.edu.ar\/sitio\/llamado-uc-prof-economia-7\/","title":{"rendered":"Llamado UC ( Prof. Econom\u00eda)"},"content":{"rendered":"\n<p>La Direcci\u00f3n del Instituto de Educaci\u00f3n Superior N\u00b0 816 de la ciudad de Rawson hace el llamado abierto y p\u00fablico para la cobertura de la siguiente Unidad Curricular<\/p>\n\n\n\n<p>PROFESORADO DE SECUNDARIA EN ECONOMIA<\/p>\n\n\n\n<p>3er a\u00f1o<\/p>\n\n\n\n<p>HERRAMIENTAS INFORM\u00c1TICAS PARA LA GESTI\u00d3N, Taller, Interino, &nbsp;Anual, 4 horas c\u00e1tedras (3hs frente a estudiantes m\u00e1s 1 hora de gesti\u00f3n curricular) D\u00eda y hora de cursada: mi\u00e9rcoles con horario disponible a partir de las 18:30 hs en Anexo Escuela 752. Perfil docente: Profesor\/a de Computaci\u00f3n. Licenciado\/a en Sistemas<\/p>\n\n\n\n<p>Finalizaci\u00f3n del llamado: martes 16 de agosto. Presentar en Administraci\u00f3n, Federicci y Vuelta de Obligado,&nbsp; Escuela 7705, de 19:00 hs a 21:00hs.<\/p>\n\n\n\n<p>Presentaci\u00f3n: En sobre cerrado el postulante presentar\u00e1 el Proyecto firmado con un seud\u00f3nimo. En el exterior se colocar\u00e1 seud\u00f3nimo y espacio al cual se presenta, adem\u00e1s, abrochado, un sobre con el seud\u00f3nimo que adentro contendr\u00e1 DNI, CV con el formato que figura en la web (excluyente), certificaci\u00f3n de servicios y documentaci\u00f3n respaldatoria (sino consta en el legajo que obra en la instituci\u00f3n).<\/p>\n\n\n\n<p>Consultar Dise\u00f1os curriculares, modelos de presentaci\u00f3n de proyecto, de cv y grilla tipo, en la p\u00e1gina web&nbsp;<a href=\"http:\/\/isfd816-chu.infd.edu.ar\/\" target=\"_blank\" rel=\"noreferrer noopener\">isfd816-chu.infd.edu.ar<\/a>.<\/p>\n","protected":false},"excerpt":{"rendered":"<p>La Direcci\u00f3n del Instituto de Educaci\u00f3n Superior N\u00b0 816 de la ciudad de Rawson hace el llamado abierto y p\u00fablico para la cobertura de la siguiente Unidad Curricular PROFESORADO DE SECUNDARIA EN ECONOMIA 3er a\u00f1o HERRAMIENTAS INFORM\u00c1TICAS PARA LA GESTI\u00d3N, Taller, Interino, &nbsp;Anual, 4 horas c\u00e1tedras (3hs frente a estudiantes m\u00e1s 1 hora de gesti\u00f3n &#8230; <a title=\"Llamado UC ( Prof. Econom\u00eda)\" class=\"read-more\" href=\"https:\/\/isfd816-chu.infd.edu.ar\/sitio\/llamado-uc-prof-economia-7\/\" aria-label=\"More on Llamado UC ( Prof. Econom\u00eda)\">[+]<\/a><\/p>\n","protected":false},"author":9,"featured_media":1040,"comment_status":"open","ping_status":"open","sticky":false,"template":"","format":"standard","meta":[],"categories":[17,16,39],"tags":[9,82],"acf":[],"_links":{"self":[{"href":"https:\/\/isfd816-chu.infd.edu.ar\/sitio\/wp-json\/wp\/v2\/posts\/2191"}],"collection":[{"href":"https:\/\/isfd816-chu.infd.edu.ar\/sitio\/wp-json\/wp\/v2\/posts"}],"about":[{"href":"https:\/\/isfd816-chu.infd.edu.ar\/sitio\/wp-json\/wp\/v2\/types\/post"}],"author":[{"embeddable":true,"href":"https:\/\/isfd816-chu.infd.edu.ar\/sitio\/wp-json\/wp\/v2\/users\/9"}],"replies":[{"embeddable":true,"href":"https:\/\/isfd816-chu.infd.edu.ar\/sitio\/wp-json\/wp\/v2\/comments?post=2191"}],"version-history":[{"count":1,"href":"https:\/\/isfd816-chu.infd.edu.ar\/sitio\/wp-json\/wp\/v2\/posts\/2191\/revisions"}],"predecessor-version":[{"id":2192,"href":"https:\/\/isfd816-chu.infd.edu.ar\/sitio\/wp-json\/wp\/v2\/posts\/2191\/revisions\/2192"}],"wp:featuredmedia":[{"embeddable":true,"href":"https:\/\/isfd816-chu.infd.edu.ar\/sitio\/wp-json\/wp\/v2\/media\/1040"}],"wp:attachment":[{"href":"https:\/\/isfd816-chu.infd.edu.ar\/sitio\/wp-json\/wp\/v2\/media?parent=2191"}],"wp:term":[{"taxonomy":"category","embeddable":true,"href":"https:\/\/isfd816-chu.infd.edu.ar\/sitio\/wp-json\/wp\/v2\/categories?post=2191"},{"taxonomy":"post_tag","embeddable":true,"href":"https:\/\/isfd816-chu.infd.edu.ar\/sitio\/wp-json\/wp\/v2\/tags?post=2191"}],"curies":[{"name":"wp","href":"https:\/\/api.w.org\/{rel}","templated":true}]}}