{"id":2198,"date":"2022-08-22T23:16:00","date_gmt":"2022-08-23T02:16:00","guid":{"rendered":"https:\/\/isfd816-chu.infd.edu.ar\/sitio\/?p=2198"},"modified":"2022-08-23T10:22:16","modified_gmt":"2022-08-23T13:22:16","slug":"llamado-uc-3er-llamado-prof-economia","status":"publish","type":"post","link":"https:\/\/isfd816-chu.infd.edu.ar\/sitio\/llamado-uc-3er-llamado-prof-economia\/","title":{"rendered":"Llamado UC (3er. llamado Prof. Econom\u00eda)"},"content":{"rendered":"\n<h1 class=\"wp-block-heading\">3er llamado UC Prof. Educaci\u00f3n Secundaria en Econom\u00eda<\/h1>\n\n\n\n<p>La Direcci\u00f3n del Instituto de Educaci\u00f3n Superior N\u00b0 816 de la ciudad de Rawson hace el 3er. llamado abierto y p\u00fablico para la cobertura de la siguiente Unidad Curricular:<\/p>\n\n\n\n<p><strong>PROFESORADO DE SECUNDARIA EN ECONOMIA<\/strong><\/p>\n\n\n\n<p><strong>4to a\u00f1o<\/strong><\/p>\n\n\n\n<p><strong>Formulaci\u00f3n y Evaluaci\u00f3n de Proyectos<\/strong>, Taller, Cuatrimestral, Interino, 6 hs. c\u00e1tedra (5 frente a estudiantes y 1 de gesti\u00f3n curricular),&nbsp;<strong>Perfil docente:<\/strong>&nbsp;Licenciado\/a en Econom\u00eda. Licenciado\/a en Administraci\u00f3n. Contador\/a P\u00fablico\/a.<\/p>\n\n\n\n<p><strong>&nbsp;Finalizaci\u00f3n del llamado: 25\/8\/2022 en&nbsp;<\/strong>Administraci\u00f3n, Escuela 7705 de Rawson, Federicci y Vuelta de Obligado, a partir de las 18 30 hasta 21 hs.<\/p>\n\n\n\n<p>Presentaci\u00f3n: En sobre cerrado el postulante presentar\u00e1 el Proyecto firmado con un seud\u00f3nimo. En el exterior se colocar\u00e1 seud\u00f3nimo y espacio al cual se presenta, adem\u00e1s, abrochado, un sobre con el seud\u00f3nimo que adentro contendr\u00e1 DNI, CV con el formato que figura en la web (excluyente), certificaci\u00f3n de servicios y documentaci\u00f3n respaldatoria (sino consta en el legajo que obra en la instituci\u00f3n).<\/p>\n\n\n\n<p>Consultar Dise\u00f1os curriculares, modelos de presentaci\u00f3n de proyecto, de cv y grilla tipo, en la p\u00e1gina web isfd816-chu.infd.edu.ar.<\/p>\n","protected":false},"excerpt":{"rendered":"<p>3er llamado UC Prof. Educaci\u00f3n Secundaria en Econom\u00eda La Direcci\u00f3n del Instituto de Educaci\u00f3n Superior N\u00b0 816 de la ciudad de Rawson hace el 3er. llamado abierto y p\u00fablico para la cobertura de la siguiente Unidad Curricular: PROFESORADO DE SECUNDARIA EN ECONOMIA 4to a\u00f1o Formulaci\u00f3n y Evaluaci\u00f3n de Proyectos, Taller, Cuatrimestral, Interino, 6 hs. c\u00e1tedra &#8230; <a title=\"Llamado UC (3er. llamado Prof. Econom\u00eda)\" class=\"read-more\" href=\"https:\/\/isfd816-chu.infd.edu.ar\/sitio\/llamado-uc-3er-llamado-prof-economia\/\" aria-label=\"More on Llamado UC (3er. llamado Prof. Econom\u00eda)\">[+]<\/a><\/p>\n","protected":false},"author":9,"featured_media":1060,"comment_status":"open","ping_status":"open","sticky":false,"template":"","format":"standard","meta":[],"categories":[17,16],"tags":[],"acf":[],"_links":{"self":[{"href":"https:\/\/isfd816-chu.infd.edu.ar\/sitio\/wp-json\/wp\/v2\/posts\/2198"}],"collection":[{"href":"https:\/\/isfd816-chu.infd.edu.ar\/sitio\/wp-json\/wp\/v2\/posts"}],"about":[{"href":"https:\/\/isfd816-chu.infd.edu.ar\/sitio\/wp-json\/wp\/v2\/types\/post"}],"author":[{"embeddable":true,"href":"https:\/\/isfd816-chu.infd.edu.ar\/sitio\/wp-json\/wp\/v2\/users\/9"}],"replies":[{"embeddable":true,"href":"https:\/\/isfd816-chu.infd.edu.ar\/sitio\/wp-json\/wp\/v2\/comments?post=2198"}],"version-history":[{"count":1,"href":"https:\/\/isfd816-chu.infd.edu.ar\/sitio\/wp-json\/wp\/v2\/posts\/2198\/revisions"}],"predecessor-version":[{"id":2199,"href":"https:\/\/isfd816-chu.infd.edu.ar\/sitio\/wp-json\/wp\/v2\/posts\/2198\/revisions\/2199"}],"wp:featuredmedia":[{"embeddable":true,"href":"https:\/\/isfd816-chu.infd.edu.ar\/sitio\/wp-json\/wp\/v2\/media\/1060"}],"wp:attachment":[{"href":"https:\/\/isfd816-chu.infd.edu.ar\/sitio\/wp-json\/wp\/v2\/media?parent=2198"}],"wp:term":[{"taxonomy":"category","embeddable":true,"href":"https:\/\/isfd816-chu.infd.edu.ar\/sitio\/wp-json\/wp\/v2\/categories?post=2198"},{"taxonomy":"post_tag","embeddable":true,"href":"https:\/\/isfd816-chu.infd.edu.ar\/sitio\/wp-json\/wp\/v2\/tags?post=2198"}],"curies":[{"name":"wp","href":"https:\/\/api.w.org\/{rel}","templated":true}]}}