{"id":2209,"date":"2022-09-07T22:26:00","date_gmt":"2022-09-08T01:26:00","guid":{"rendered":"https:\/\/isfd816-chu.infd.edu.ar\/sitio\/?p=2209"},"modified":"2022-09-08T20:37:38","modified_gmt":"2022-09-08T23:37:38","slug":"culmino-jornada-de-fortalecimiento-a-las-trayectorias-en-816","status":"publish","type":"post","link":"https:\/\/isfd816-chu.infd.edu.ar\/sitio\/culmino-jornada-de-fortalecimiento-a-las-trayectorias-en-816\/","title":{"rendered":"Culmin\u00f3 Jornada de Fortalecimiento a las Trayectorias en 816"},"content":{"rendered":"\n<p>El martes 6 de septiembre del corriente a\u00f1os se llev\u00f3 adelante la JORNADA PROVINCIAL DEL PLAN ESTRATEGICO INTEGRAL DE FORTALECIMIENTO A LAS TRAYECTORIAS DE LAS Y LOS ESTUDIANTES DE CHUBUT. La jornada cont\u00f3 con un alto compromiso en la organizaci\u00f3n del Equipo Docente y el Equipo de Gesti\u00f3n, lo que posibilit\u00f3 el desarrollo de estratregias con los docentes de todas las carreras, evaluar las condiciones de la ense\u00f1anza, los aprendizajes, como as\u00ed elaborar acuerdos y evaluaci\u00f3n, por carrera, enfocados en las trayectorias de los y las estudiantes de 816. <\/p>\n\n\n\n<p>Gracias a todos y todas por su presencia y trabajo.<\/p>\n","protected":false},"excerpt":{"rendered":"<p>El martes 6 de septiembre del corriente a\u00f1os se llev\u00f3 adelante la JORNADA PROVINCIAL DEL PLAN ESTRATEGICO INTEGRAL DE FORTALECIMIENTO A LAS TRAYECTORIAS DE LAS Y LOS ESTUDIANTES DE CHUBUT. La jornada cont\u00f3 con un alto compromiso en la organizaci\u00f3n del Equipo Docente y el Equipo de Gesti\u00f3n, lo que posibilit\u00f3 el desarrollo de estratregias &#8230; <a title=\"Culmin\u00f3 Jornada de Fortalecimiento a las Trayectorias en 816\" class=\"read-more\" href=\"https:\/\/isfd816-chu.infd.edu.ar\/sitio\/culmino-jornada-de-fortalecimiento-a-las-trayectorias-en-816\/\" aria-label=\"More on Culmin\u00f3 Jornada de Fortalecimiento a las Trayectorias en 816\">[+]<\/a><\/p>\n","protected":false},"author":9,"featured_media":2211,"comment_status":"open","ping_status":"open","sticky":true,"template":"","format":"standard","meta":[],"categories":[16,39],"tags":[97],"acf":[],"_links":{"self":[{"href":"https:\/\/isfd816-chu.infd.edu.ar\/sitio\/wp-json\/wp\/v2\/posts\/2209"}],"collection":[{"href":"https:\/\/isfd816-chu.infd.edu.ar\/sitio\/wp-json\/wp\/v2\/posts"}],"about":[{"href":"https:\/\/isfd816-chu.infd.edu.ar\/sitio\/wp-json\/wp\/v2\/types\/post"}],"author":[{"embeddable":true,"href":"https:\/\/isfd816-chu.infd.edu.ar\/sitio\/wp-json\/wp\/v2\/users\/9"}],"replies":[{"embeddable":true,"href":"https:\/\/isfd816-chu.infd.edu.ar\/sitio\/wp-json\/wp\/v2\/comments?post=2209"}],"version-history":[{"count":1,"href":"https:\/\/isfd816-chu.infd.edu.ar\/sitio\/wp-json\/wp\/v2\/posts\/2209\/revisions"}],"predecessor-version":[{"id":2212,"href":"https:\/\/isfd816-chu.infd.edu.ar\/sitio\/wp-json\/wp\/v2\/posts\/2209\/revisions\/2212"}],"wp:featuredmedia":[{"embeddable":true,"href":"https:\/\/isfd816-chu.infd.edu.ar\/sitio\/wp-json\/wp\/v2\/media\/2211"}],"wp:attachment":[{"href":"https:\/\/isfd816-chu.infd.edu.ar\/sitio\/wp-json\/wp\/v2\/media?parent=2209"}],"wp:term":[{"taxonomy":"category","embeddable":true,"href":"https:\/\/isfd816-chu.infd.edu.ar\/sitio\/wp-json\/wp\/v2\/categories?post=2209"},{"taxonomy":"post_tag","embeddable":true,"href":"https:\/\/isfd816-chu.infd.edu.ar\/sitio\/wp-json\/wp\/v2\/tags?post=2209"}],"curies":[{"name":"wp","href":"https:\/\/api.w.org\/{rel}","templated":true}]}}